{"id":79318,"date":"2019-04-10T15:53:16","date_gmt":"2019-04-10T14:53:16","guid":{"rendered":"https:\/\/www.silene.ong\/?p=79318"},"modified":"2021-02-20T09:59:48","modified_gmt":"2021-02-20T08:59:48","slug":"el-cel-en-la-pedra-lecosofia-en-el-darrer-panikkar","status":"publish","type":"post","link":"https:\/\/www.silene.ong\/es\/centro-de-documentacion\/el-cel-en-la-pedra-lecosofia-en-el-darrer-panikkar","title":{"rendered":"El cel en la pedra:  L\u2019ecosofia en el darrer Panikkar"},"content":{"rendered":"<p>El fil\u00f3sofo Jordi Pigem (que hizo su tesis doctoral sobre Raimon Panikkar y fue unos a\u00f1os su secretario personal en Tavertet &#8211; Catalu\u00f1a), examina en este art\u00edculo el concepto de ecososof\u00eda, que Panikkar hab\u00eda empleado unos 25 a\u00f1os antes, sin terminar nunca de profundizar en las implicaciones del concepto, a pesar de que seleccionara el nombre para titular un libro que escribi\u00f3 en italiano. En este art\u00edculo escrito en catal\u00e1n, Jordi Pigem examina el concepto de ecosof\u00eda y sus implicaciones, desde el propio pensamiento de Panikkar, principalmente a la luz de una de las principales obras de la \u00faltima etapa de su vida: <em>El ritmo del ser.<\/em><\/p>\n<!--themify_builder_content-->\n<div id=\"themify_builder_content-79318\" data-postid=\"79318\" class=\"themify_builder_content themify_builder_content-79318 themify_builder tf_clear\">\n    <\/div>\n<!--\/themify_builder_content-->\n","protected":false},"excerpt":{"rendered":"<p>El fil\u00f3sofo Jordi Pigem (que hizo su tesis doctoral sobre Raimon Panikkar y fue unos a\u00f1os su secretario&#8230;<\/p>\n","protected":false},"author":7,"featured_media":79597,"comment_status":"closed","ping_status":"closed","sticky":false,"template":"","format":"standard","meta":{"_acf_changed":false,"footnotes":""},"categories":[103,138],"tags":[257,275],"class_list":["post-79318","post","type-post","status-publish","format-standard","has-post-thumbnail","hentry","category-centro-de-documentacion","category-reflexiones-sobre-ciencia-y-espiritualidad-es","tag-cosmovision","tag-etica-es","has-post-title","has-post-date","has-post-category","has-post-tag","has-post-comment","has-post-author",""],"acf":[],"_links":{"self":[{"href":"https:\/\/www.silene.ong\/es\/wp-json\/wp\/v2\/posts\/79318","targetHints":{"allow":["GET"]}}],"collection":[{"href":"https:\/\/www.silene.ong\/es\/wp-json\/wp\/v2\/posts"}],"about":[{"href":"https:\/\/www.silene.ong\/es\/wp-json\/wp\/v2\/types\/post"}],"author":[{"embeddable":true,"href":"https:\/\/www.silene.ong\/es\/wp-json\/wp\/v2\/users\/7"}],"replies":[{"embeddable":true,"href":"https:\/\/www.silene.ong\/es\/wp-json\/wp\/v2\/comments?post=79318"}],"version-history":[{"count":9,"href":"https:\/\/www.silene.ong\/es\/wp-json\/wp\/v2\/posts\/79318\/revisions"}],"predecessor-version":[{"id":79659,"href":"https:\/\/www.silene.ong\/es\/wp-json\/wp\/v2\/posts\/79318\/revisions\/79659"}],"wp:featuredmedia":[{"embeddable":true,"href":"https:\/\/www.silene.ong\/es\/wp-json\/wp\/v2\/media\/79597"}],"wp:attachment":[{"href":"https:\/\/www.silene.ong\/es\/wp-json\/wp\/v2\/media?parent=79318"}],"wp:term":[{"taxonomy":"category","embeddable":true,"href":"https:\/\/www.silene.ong\/es\/wp-json\/wp\/v2\/categories?post=79318"},{"taxonomy":"post_tag","embeddable":true,"href":"https:\/\/www.silene.ong\/es\/wp-json\/wp\/v2\/tags?post=79318"}],"curies":[{"name":"wp","href":"https:\/\/api.w.org\/{rel}","templated":true}]}}