{"id":81061,"date":"2019-05-07T11:32:26","date_gmt":"2019-05-07T10:32:26","guid":{"rendered":"https:\/\/www.silene.ong\/sin-categorizar\/aluna-a-journey-to-save-the-world"},"modified":"2021-02-18T20:31:04","modified_gmt":"2021-02-18T19:31:04","slug":"aluna-a-journey-to-save-the-world","status":"publish","type":"post","link":"https:\/\/www.silene.ong\/es\/centro-de-documentacion\/aluna-a-journey-to-save-the-world","title":{"rendered":"ALUNA. A journey to save the world."},"content":{"rendered":"<p>ALUNA est\u00e1 hecha por los Kogi y con ellos, una civilizaci\u00f3n ancestral, escondida en la Sierra Nevada de Santa Marta (Colombia) que ellos consideran el \u00abCoraz\u00f3n del mundo\u00bb. Los Kogi dicen que sin pensamiento, nada podr\u00eda existir. Los Kogi creen que viven para cuidar el mundo y mantener su orden natural, pero hace algunos a\u00f1os reconocieron que esta tarea resultaba imposible debido a nuestra miner\u00eda y la deforestaci\u00f3n.<\/p>\n<p>En 1990 invitaron a Alan Ereira, quien hizo un filme de 90 minutos para la BBC (<em>From the Heart of the World: The Elder Borthers Warning to Humanity<\/em>) en el que los Kogi advirtieron, de manera dram\u00e1tica, sobre la necesidad de cambiar de camino. Despu\u00e9s se retiraron de nuevo. La primera pel\u00edcula tuvo un impacto global impresionante, y ahora es probablemente la pel\u00edcula m\u00e1s famosa jam\u00e1s hecha sobre pueblos ind\u00edgenas. Se repiti\u00f3 la BBC2 inmediatamente despu\u00e9s de su primera presentaci\u00f3n, y se proyect\u00f3 en muchos otros pa\u00edses. Ayud\u00f3 a dar forma a la primera cumbre de la Tierra de R\u00edo, en 1992, al tiempo que generaba una transformaci\u00f3n completa de la actitud colombiana hacia esta civilizaci\u00f3n ancestral. Hoy, cada nuevo presidente colombiano debe visitar esta monta\u00f1a sagrada y pedir la bendici\u00f3n de sus autoridades tradicionales.<\/p>\n<p>Ocho a\u00f1os m\u00e1s tarde los Kogi volvieron a convocar Alan Ereira para decirle que en realidad no hemos escuchado lo que dijeron. Hemos sido incapaces de cambiar a trav\u00e9s de las palabras que nos hicieron dirigir. Los Kogi dicen que han entendido que aprendemos m\u00e1s a trav\u00e9s de nuestros ojos que de nuestras orejas. Ante el apocalipsis que se aproxima, pidieron a Ereira que hiciera una pel\u00edcula con ellos que lleve al p\u00fablico a visitar sus lugares m\u00e1s sagrados, para cambiar nuestra comprensi\u00f3n de la realidad.<\/p>\n<p>Los Kogi est\u00e1n profundamente asustados por el da\u00f1o que estamos haciendo a la Tierra, pero tambi\u00e9n son muy conscientes de que no tenemos conocimiento de las fuerzas que se est\u00e1n desatando. Ellos est\u00e1n convencidos de que la \u00fanica esperanza de supervivencia para la humanidad es que nosotros aprendamos la raz\u00f3n por la que ellos tienen tanto miedo, y saben que s\u00f3lo los creeremos si somos capaces de ver.<\/p>\n<p>Si desea saber m\u00e1s, vea el sitio web: www.alunathemovie.com<\/p>\n<!--themify_builder_content-->\n<div id=\"themify_builder_content-81061\" data-postid=\"81061\" class=\"themify_builder_content themify_builder_content-81061 themify_builder tf_clear\">\n    <\/div>\n<!--\/themify_builder_content-->\n","protected":false},"excerpt":{"rendered":"<p>ALUNA est\u00e1 hecha por los Kogi y con ellos, una civilizaci\u00f3n ancestral, escondida en la Sierra Nevada de&#8230;<\/p>\n","protected":false},"author":7,"featured_media":78970,"comment_status":"closed","ping_status":"closed","sticky":false,"template":"","format":"standard","meta":{"_acf_changed":false,"footnotes":""},"categories":[103,174],"tags":[227,275,364],"class_list":["post-81061","post","type-post","status-publish","format-standard","has-post-thumbnail","hentry","category-centro-de-documentacion","category-videograficos","tag-etica","tag-etica-es","tag-tradiciones-ancestrales-es","has-post-title","has-post-date","has-post-category","has-post-tag","has-post-comment","has-post-author",""],"acf":[],"_links":{"self":[{"href":"https:\/\/www.silene.ong\/es\/wp-json\/wp\/v2\/posts\/81061","targetHints":{"allow":["GET"]}}],"collection":[{"href":"https:\/\/www.silene.ong\/es\/wp-json\/wp\/v2\/posts"}],"about":[{"href":"https:\/\/www.silene.ong\/es\/wp-json\/wp\/v2\/types\/post"}],"author":[{"embeddable":true,"href":"https:\/\/www.silene.ong\/es\/wp-json\/wp\/v2\/users\/7"}],"replies":[{"embeddable":true,"href":"https:\/\/www.silene.ong\/es\/wp-json\/wp\/v2\/comments?post=81061"}],"version-history":[{"count":3,"href":"https:\/\/www.silene.ong\/es\/wp-json\/wp\/v2\/posts\/81061\/revisions"}],"predecessor-version":[{"id":86375,"href":"https:\/\/www.silene.ong\/es\/wp-json\/wp\/v2\/posts\/81061\/revisions\/86375"}],"wp:featuredmedia":[{"embeddable":true,"href":"https:\/\/www.silene.ong\/es\/wp-json\/wp\/v2\/media\/78970"}],"wp:attachment":[{"href":"https:\/\/www.silene.ong\/es\/wp-json\/wp\/v2\/media?parent=81061"}],"wp:term":[{"taxonomy":"category","embeddable":true,"href":"https:\/\/www.silene.ong\/es\/wp-json\/wp\/v2\/categories?post=81061"},{"taxonomy":"post_tag","embeddable":true,"href":"https:\/\/www.silene.ong\/es\/wp-json\/wp\/v2\/tags?post=81061"}],"curies":[{"name":"wp","href":"https:\/\/api.w.org\/{rel}","templated":true}]}}