{"id":81798,"date":"2018-05-15T18:51:05","date_gmt":"2018-05-15T17:51:05","guid":{"rendered":"https:\/\/www.silene.ong\/sin-categorizar\/nuevo-peregrinaje-internacional-que-conecta-santuarios-marianos-en-europa-central"},"modified":"2021-02-20T09:42:11","modified_gmt":"2021-02-20T08:42:11","slug":"nuevo-peregrinaje-internacional-que-conecta-santuarios-marianos-en-europa-central","status":"publish","type":"post","link":"https:\/\/www.silene.ong\/es\/noticias\/nuevo-peregrinaje-internacional-que-conecta-santuarios-marianos-en-europa-central","title":{"rendered":"Nuevo peregrinaje internacional que conecta santuarios marianos en Europa Central"},"content":{"rendered":"<p>El objetivo de la nueva <em>Via Mariae<\/em> es consolidar un camino de peregrinaci\u00f3n unificado entre las diferentes tradiciones religiosas de Europa Central, entre algunos de los principales santuarios marianos, que establecen conexiones en el este-oeste entre Mariazell, Budapest, M\u00e1riap\u00f3cs y Cs\u00edksomly\u00f3, y en direcci\u00f3n norte-sur entre los santuarios de Czestochowa, Esztergom y Medjugorje. Sobre el mapa, tiene la forma de una gran cruz en Europa Central que conecta Austria, Hungr\u00eda, Rumania, Eslovaquia, Polonia, Croacia y Bosnia, a trav\u00e9s de una red de caminos de peregrinaci\u00f3n tradicionales e internacionales, que surca espacios naturales con diversos niveles de protecci\u00f3n, similar al Camino de Santiago de Compostela.<\/p>\n<p>La V\u00eda de Mar\u00eda invita a todos, independientemente de su nacionalidad o religi\u00f3n, que deseen realizar la peregrinaci\u00f3n por conciencia espiritual, religiosa o incluso personal, y simplemente a aquellos que quieran ir de vacaciones, o hacerlo por placer o con fines deportivos. Este Camino Mariano quiere ser un puente entre las religiones y las personas que conectan el Este y el Oeste, el Norte y el Sur, y quiere convertirse en el Camino de Reconciliaci\u00f3n de Europa Central y Oriental.<\/p>\n<p>M\u00e1s informaci\u00f3n (en ingl\u00e9s): <a href=\"http:\/\/www.mariaut.ro\/?language=en\" target=\"_blank\" rel=\"noopener\">Camino de Mar\u00eda &#8211; los \u00faltimos 100 km.<\/a><\/p>\n<!--themify_builder_content-->\n<div id=\"themify_builder_content-81798\" data-postid=\"81798\" class=\"themify_builder_content themify_builder_content-81798 themify_builder tf_clear\">\n    <\/div>\n<!--\/themify_builder_content-->\n","protected":false},"excerpt":{"rendered":"<p>El objetivo de la nueva Via Mariae es consolidar un camino de peregrinaci\u00f3n unificado entre las diferentes tradiciones&#8230;<\/p>\n","protected":false},"author":7,"featured_media":75043,"comment_status":"closed","ping_status":"closed","sticky":false,"template":"","format":"standard","meta":{"_acf_changed":false,"footnotes":""},"categories":[132],"tags":[],"class_list":["post-81798","post","type-post","status-publish","format-standard","has-post-thumbnail","hentry","category-noticias","has-post-title","has-post-date","has-post-category","has-post-tag","has-post-comment","has-post-author",""],"acf":[],"_links":{"self":[{"href":"https:\/\/www.silene.ong\/es\/wp-json\/wp\/v2\/posts\/81798","targetHints":{"allow":["GET"]}}],"collection":[{"href":"https:\/\/www.silene.ong\/es\/wp-json\/wp\/v2\/posts"}],"about":[{"href":"https:\/\/www.silene.ong\/es\/wp-json\/wp\/v2\/types\/post"}],"author":[{"embeddable":true,"href":"https:\/\/www.silene.ong\/es\/wp-json\/wp\/v2\/users\/7"}],"replies":[{"embeddable":true,"href":"https:\/\/www.silene.ong\/es\/wp-json\/wp\/v2\/comments?post=81798"}],"version-history":[{"count":5,"href":"https:\/\/www.silene.ong\/es\/wp-json\/wp\/v2\/posts\/81798\/revisions"}],"predecessor-version":[{"id":81819,"href":"https:\/\/www.silene.ong\/es\/wp-json\/wp\/v2\/posts\/81798\/revisions\/81819"}],"wp:featuredmedia":[{"embeddable":true,"href":"https:\/\/www.silene.ong\/es\/wp-json\/wp\/v2\/media\/75043"}],"wp:attachment":[{"href":"https:\/\/www.silene.ong\/es\/wp-json\/wp\/v2\/media?parent=81798"}],"wp:term":[{"taxonomy":"category","embeddable":true,"href":"https:\/\/www.silene.ong\/es\/wp-json\/wp\/v2\/categories?post=81798"},{"taxonomy":"post_tag","embeddable":true,"href":"https:\/\/www.silene.ong\/es\/wp-json\/wp\/v2\/tags?post=81798"}],"curies":[{"name":"wp","href":"https:\/\/api.w.org\/{rel}","templated":true}]}}