{"id":82347,"date":"2019-09-20T22:17:56","date_gmt":"2019-09-20T21:17:56","guid":{"rendered":"https:\/\/www.silene.ong\/sin-categorizar\/iii-congreso-internacional-sobre-el-potencial-de-los-bosques-en-la-salud"},"modified":"2021-02-19T13:35:23","modified_gmt":"2021-02-19T12:35:23","slug":"iii-congreso-internacional-sobre-el-potencial-de-los-bosques-en-la-salud","status":"publish","type":"post","link":"https:\/\/www.silene.ong\/es\/noticias\/iii-congreso-internacional-sobre-el-potencial-de-los-bosques-en-la-salud","title":{"rendered":"III Congreso Internacional sobre el potencial de los bosques en la salud"},"content":{"rendered":"<p>Este nuevo congreso significar\u00e1 un acicate en la actualizaci\u00f3n en investigaci\u00f3n biom\u00e9dica sobre el potencial de los bosques en la salud y el bienestar de las personas y propiciar\u00e1 un espacio de encuentro para el conocimiento e intercambio de experiencias de todo el mundo en el uso y valorizaci\u00f3n de estos servicios.\u00a0 Un hito relevante ser\u00e1 la creaci\u00f3n de un espacio de cooperaci\u00f3n internacional entre el conjunto de redes de bosques con funcionalidad terap\u00e9utica existentes en diferentes continentes, que trabajar\u00e1 para armonizar los est\u00e1ndares de calidad y certificaci\u00f3n.<\/p>\n<p>El evento, organizado por la <a href=\"https:\/\/selvans.ong\/sobrenosotros\/?lang=es\" target=\"_blank\" rel=\"noopener\">Asociaci\u00f3n S\u00e8lvans<\/a>, en Girona y la Garrotxa (Catalu\u00f1a) culminar\u00e1 con una declaraci\u00f3n en defensa de la necesidad de preservar los bosques naturales como proveedores de salud y bienestar para las sociedades. Josep Maria Mallarach (Asociaci\u00f3n Silene) presentar\u00e1 una ponencia sobre los v\u00ednculos de los bosques maduros con la salud espiritual.<\/p>\n<p>El congreso va dirigido a todas las personas y organizaciones que tienen inter\u00e9s en ampliar el conocimiento y la capacidad de conservaci\u00f3n y valorizaci\u00f3n de la naturaleza en general, y de los bosques de alto valor ecol\u00f3gico en particular; a las que desarrollan actividades en el medio natural; a los propietarios de bosques p\u00fablicos o privados; profesionales, responsables, personal t\u00e9cnico y de investigaci\u00f3n de ciencias de la salud, bienestar, medio ambiente, y gesti\u00f3n forestal; alumnado universitario de posgrados y m\u00e1steres, y doctorandos en estas materias. Los idiomas oficiales del congreso son catal\u00e1n, castellano e ingl\u00e9s.<\/p>\n<p>Inscripciones en <a href=\"https:\/\/selvans.ong\/*congress2019\" target=\"_blank\" rel=\"noopener\">S\u00e8lvans<\/a>.<\/p>\n<p>Para ampliar informaci\u00f3n (proclama, videos, conclusiones, etc):\u00a0 <a href=\"https:\/\/selvans.ong\/congress2019\" target=\"_blank\" rel=\"noopener\">https:\/\/selvans.ong\/congress2019<\/a><\/p>\n<p>&nbsp;<\/p>\n<!--themify_builder_content-->\n<div id=\"themify_builder_content-82347\" data-postid=\"82347\" class=\"themify_builder_content themify_builder_content-82347 themify_builder tf_clear\">\n    <\/div>\n<!--\/themify_builder_content-->\n","protected":false},"excerpt":{"rendered":"<p>Este nuevo congreso significar\u00e1 un acicate en la actualizaci\u00f3n en investigaci\u00f3n biom\u00e9dica sobre el potencial de los bosques&#8230;<\/p>\n","protected":false},"author":13,"featured_media":81920,"comment_status":"closed","ping_status":"closed","sticky":false,"template":"","format":"standard","meta":{"_acf_changed":false,"footnotes":""},"categories":[132],"tags":[331,254,381],"class_list":["post-82347","post","type-post","status-publish","format-standard","has-post-thumbnail","hentry","category-noticias","tag-areas-protegidas","tag-conservacion","tag-salud","has-post-title","has-post-date","has-post-category","has-post-tag","has-post-comment","has-post-author",""],"acf":[],"_links":{"self":[{"href":"https:\/\/www.silene.ong\/es\/wp-json\/wp\/v2\/posts\/82347","targetHints":{"allow":["GET"]}}],"collection":[{"href":"https:\/\/www.silene.ong\/es\/wp-json\/wp\/v2\/posts"}],"about":[{"href":"https:\/\/www.silene.ong\/es\/wp-json\/wp\/v2\/types\/post"}],"author":[{"embeddable":true,"href":"https:\/\/www.silene.ong\/es\/wp-json\/wp\/v2\/users\/13"}],"replies":[{"embeddable":true,"href":"https:\/\/www.silene.ong\/es\/wp-json\/wp\/v2\/comments?post=82347"}],"version-history":[{"count":10,"href":"https:\/\/www.silene.ong\/es\/wp-json\/wp\/v2\/posts\/82347\/revisions"}],"predecessor-version":[{"id":90304,"href":"https:\/\/www.silene.ong\/es\/wp-json\/wp\/v2\/posts\/82347\/revisions\/90304"}],"wp:featuredmedia":[{"embeddable":true,"href":"https:\/\/www.silene.ong\/es\/wp-json\/wp\/v2\/media\/81920"}],"wp:attachment":[{"href":"https:\/\/www.silene.ong\/es\/wp-json\/wp\/v2\/media?parent=82347"}],"wp:term":[{"taxonomy":"category","embeddable":true,"href":"https:\/\/www.silene.ong\/es\/wp-json\/wp\/v2\/categories?post=82347"},{"taxonomy":"post_tag","embeddable":true,"href":"https:\/\/www.silene.ong\/es\/wp-json\/wp\/v2\/tags?post=82347"}],"curies":[{"name":"wp","href":"https:\/\/api.w.org\/{rel}","templated":true}]}}