{"id":85201,"date":"2019-07-30T18:08:26","date_gmt":"2019-07-30T17:08:26","guid":{"rendered":"https:\/\/www.silene.ong\/?p=85201"},"modified":"2021-02-20T23:14:23","modified_gmt":"2021-02-20T22:14:23","slug":"plaidoyer-pour-les-animaux","status":"publish","type":"post","link":"https:\/\/www.silene.ong\/es\/centro-de-documentacion\/plaidoyer-pour-les-animaux","title":{"rendered":"Plaidoyer pour les animaux"},"content":{"rendered":"<div class=\"oSioSc\">\n<div id=\"tw-target\">\n<div id=\"kAz1tf\" class=\"g9WsWb\">\n<p id=\"tw-target-text\" class=\"tw-data-text tw-ta tw-text-small\" dir=\"ltr\" data-placeholder=\"Traducci\u00f3n\"><span lang=\"es\" tabindex=\"0\">Entrevista de Matthie Ricard concedida a la Fundaci\u00f3n Brigitte Bardot el 4 de noviembre de 2014, donde analiza temas de su libro \u00abEn defensa de los animales\u00bb (<em>Plaidoyer pour les animaux<\/em>). Duraci\u00f3n aproximada: 34 minutos.<br \/>\n<\/span><\/p>\n<p class=\"tw-data-text tw-ta tw-text-small\" dir=\"ltr\" data-placeholder=\"Traducci\u00f3n\"><span lang=\"es\" tabindex=\"0\">Matthieu Ricard, bi\u00f3logo brillante y monje budista prestigioso, nos invita a extender nuestra benevolencia a todos los seres sintientes; en inter\u00e9s de los animales, y tambi\u00e9n de los seres humanos. Anualmente estamos matando 60.000 millones de animales terrestres y un trill\u00f3n de animales marinos para nuestro consumo. Una masacre sin paralelo en la historia de la humanidad que plantea un gran desaf\u00edo \u00e9tico y perjudica a nuestras sociedades: este consumo excesivo agrava el hambre en el mundo, causa desequilibrios ecol\u00f3gicos, es malo para nuestra salud. Adem\u00e1s de la comida, tambi\u00e9n tenemos animales instrumentales por razones puramente venales (tr\u00e1fico de vida silvestre), para investigaci\u00f3n cient\u00edfica o simplemente como entretenimiento (corridas de toros, encierros, circos, zool\u00f3gicos,&#8230;).\u00a0 \u00bfY si hubiera llegado el momento de considerarlos ya no como seres inferiores sino como nuestros \u00abconciudadanos\u00bb en esta tierra? Vivimos en un mundo interdependiente donde el destino de cada ser, sea quien sea, est\u00e1 \u00edntimamente relacionado con el de los dem\u00e1s. No se trata solo de las personas, sino tambi\u00e9n\u00a0 de los animales. Esta entrevista razonada y luminosa es una invitaci\u00f3n a cambiar nuestros comportamientos respecto a los animales.<\/span><\/p>\n<pre class=\"tw-ta tw-text-small\" lang=\"es\"><\/pre>\n<div id=\"z6maec\" class=\"tw-ta-container tw-nfl\">\n<p id=\"tw-target-rmn\" class=\"tw-data-placeholder tw-ta tw-text-small\" dir=\"ltr\">\n<\/div>\n<\/div>\n<\/div>\n<\/div>\n<!--themify_builder_content-->\n<div id=\"themify_builder_content-85201\" data-postid=\"85201\" class=\"themify_builder_content themify_builder_content-85201 themify_builder tf_clear\">\n    <\/div>\n<!--\/themify_builder_content-->\n","protected":false},"excerpt":{"rendered":"<p>Entrevista de Matthie Ricard concedida a la Fundaci\u00f3n Brigitte Bardot el 4 de noviembre de 2014, donde analiza&#8230;<\/p>\n","protected":false},"author":7,"featured_media":85164,"comment_status":"closed","ping_status":"closed","sticky":false,"template":"","format":"standard","meta":{"_acf_changed":false,"footnotes":""},"categories":[103,174],"tags":[305],"class_list":["post-85201","post","type-post","status-publish","format-standard","has-post-thumbnail","hentry","category-centro-de-documentacion","category-videograficos","tag-budismo","has-post-title","has-post-date","has-post-category","has-post-tag","has-post-comment","has-post-author",""],"acf":[],"_links":{"self":[{"href":"https:\/\/www.silene.ong\/es\/wp-json\/wp\/v2\/posts\/85201","targetHints":{"allow":["GET"]}}],"collection":[{"href":"https:\/\/www.silene.ong\/es\/wp-json\/wp\/v2\/posts"}],"about":[{"href":"https:\/\/www.silene.ong\/es\/wp-json\/wp\/v2\/types\/post"}],"author":[{"embeddable":true,"href":"https:\/\/www.silene.ong\/es\/wp-json\/wp\/v2\/users\/7"}],"replies":[{"embeddable":true,"href":"https:\/\/www.silene.ong\/es\/wp-json\/wp\/v2\/comments?post=85201"}],"version-history":[{"count":4,"href":"https:\/\/www.silene.ong\/es\/wp-json\/wp\/v2\/posts\/85201\/revisions"}],"predecessor-version":[{"id":85804,"href":"https:\/\/www.silene.ong\/es\/wp-json\/wp\/v2\/posts\/85201\/revisions\/85804"}],"wp:featuredmedia":[{"embeddable":true,"href":"https:\/\/www.silene.ong\/es\/wp-json\/wp\/v2\/media\/85164"}],"wp:attachment":[{"href":"https:\/\/www.silene.ong\/es\/wp-json\/wp\/v2\/media?parent=85201"}],"wp:term":[{"taxonomy":"category","embeddable":true,"href":"https:\/\/www.silene.ong\/es\/wp-json\/wp\/v2\/categories?post=85201"},{"taxonomy":"post_tag","embeddable":true,"href":"https:\/\/www.silene.ong\/es\/wp-json\/wp\/v2\/tags?post=85201"}],"curies":[{"name":"wp","href":"https:\/\/api.w.org\/{rel}","templated":true}]}}