{"id":85624,"date":"2019-01-03T12:15:31","date_gmt":"2019-01-03T11:15:31","guid":{"rendered":"https:\/\/www.silene.ong\/?p=85624"},"modified":"2021-02-19T13:48:16","modified_gmt":"2021-02-19T12:48:16","slug":"coloquio-internacional-sacre-nature-paysages-du-sacre","status":"publish","type":"post","link":"https:\/\/www.silene.ong\/es\/noticias\/coloquio-internacional-sacre-nature-paysages-du-sacre","title":{"rendered":"Coloquio internacional: Sacr\u00e9 nature, paysages du sacr\u00e9!"},"content":{"rendered":"<div id=\"tw-target-text-container\" class=\"tw-ta-container tw-nfl\">\n<p id=\"tw-target-text\" class=\"tw-data-text tw-ta tw-text-small\" dir=\"ltr\" data-placeholder=\"Traducci\u00f3n\"><span lang=\"es\" tabindex=\"0\">El simposio est\u00e1 dedicado a los v\u00ednculos entre paisajes naturales, religiones y creencias. La existencia de una relaci\u00f3n espiritual con la naturaleza lo suficientemente intensa y espec\u00edfica para inducir decisiones de gesti\u00f3n territorial en el paisaje es la hip\u00f3tesis principal. Se coloca deliberadamente bajo el paraguas de la mirada interdisciplinaria y la b\u00fasqueda de temporalidades que rodean el proceso de sacralizaci\u00f3n o profanaci\u00f3n de la naturaleza, abordando una discusi\u00f3n m\u00e1s amplia de las relaciones naturaleza-cultura. Las sesiones de debate se dedican a los enfoques epistemol\u00f3gicos y espirituales de la pareja de naturaleza sagrada; el significado y figuras de lo sagrado de la naturaleza; y el examen de que lo sagrado, hace paisajes. <\/span><\/p>\n<p><span lang=\"es\" tabindex=\"0\">Este simposio internacional est\u00e1 coorganizado por los laboratorios CEDETE <\/span>(Centre d\u2019\u00e9tude sur le d\u00e9veloppement des territoires et l\u2019environnement, EA 1210) et SAVOURS (Savoirs et pouvoirs de l\u2019antiquit\u00e9 \u00e0 nos jours, EA 3772) de la universidad de Orl\u00e9ans, por un lado, y por el ENeC (Espaces nature et culture, UMR 8185 CNRS, universit\u00e9 de Paris IV), por el otro.<\/p>\n<\/div>\n<p>Programa: https:\/\/www.passerelleco.info\/article.php?id_article=864<\/p>\n<!--themify_builder_content-->\n<div id=\"themify_builder_content-85624\" data-postid=\"85624\" class=\"themify_builder_content themify_builder_content-85624 themify_builder tf_clear\">\n    <\/div>\n<!--\/themify_builder_content-->\n","protected":false},"excerpt":{"rendered":"<p>El simposio est\u00e1 dedicado a los v\u00ednculos entre paisajes naturales, religiones y creencias. La existencia de una relaci\u00f3n&#8230;<\/p>\n","protected":false},"author":7,"featured_media":85643,"comment_status":"closed","ping_status":"closed","sticky":false,"template":"","format":"standard","meta":{"_acf_changed":false,"footnotes":""},"categories":[132],"tags":[314,284,287],"class_list":["post-85624","post","type-post","status-publish","format-standard","has-post-thumbnail","hentry","category-noticias","tag-lugares-sagrados","tag-paisaje","tag-patrimonio","has-post-title","has-post-date","has-post-category","has-post-tag","has-post-comment","has-post-author",""],"acf":[],"_links":{"self":[{"href":"https:\/\/www.silene.ong\/es\/wp-json\/wp\/v2\/posts\/85624","targetHints":{"allow":["GET"]}}],"collection":[{"href":"https:\/\/www.silene.ong\/es\/wp-json\/wp\/v2\/posts"}],"about":[{"href":"https:\/\/www.silene.ong\/es\/wp-json\/wp\/v2\/types\/post"}],"author":[{"embeddable":true,"href":"https:\/\/www.silene.ong\/es\/wp-json\/wp\/v2\/users\/7"}],"replies":[{"embeddable":true,"href":"https:\/\/www.silene.ong\/es\/wp-json\/wp\/v2\/comments?post=85624"}],"version-history":[{"count":3,"href":"https:\/\/www.silene.ong\/es\/wp-json\/wp\/v2\/posts\/85624\/revisions"}],"predecessor-version":[{"id":85633,"href":"https:\/\/www.silene.ong\/es\/wp-json\/wp\/v2\/posts\/85624\/revisions\/85633"}],"wp:featuredmedia":[{"embeddable":true,"href":"https:\/\/www.silene.ong\/es\/wp-json\/wp\/v2\/media\/85643"}],"wp:attachment":[{"href":"https:\/\/www.silene.ong\/es\/wp-json\/wp\/v2\/media?parent=85624"}],"wp:term":[{"taxonomy":"category","embeddable":true,"href":"https:\/\/www.silene.ong\/es\/wp-json\/wp\/v2\/categories?post=85624"},{"taxonomy":"post_tag","embeddable":true,"href":"https:\/\/www.silene.ong\/es\/wp-json\/wp\/v2\/tags?post=85624"}],"curies":[{"name":"wp","href":"https:\/\/api.w.org\/{rel}","templated":true}]}}