{"id":87996,"date":"2019-08-30T11:54:08","date_gmt":"2019-08-30T10:54:08","guid":{"rendered":"https:\/\/www.silene.ong\/?p=87996"},"modified":"2021-02-19T10:26:40","modified_gmt":"2021-02-19T09:26:40","slug":"jean-servier","status":"publish","type":"post","link":"https:\/\/www.silene.ong\/es\/centro-de-documentacion\/citas-de-sabiduria\/jean-servier","title":{"rendered":"Jean Servier"},"content":{"rendered":"<p>Lo Invisible es m\u00e1s real, m\u00e1s presente, m\u00e1s sensible en el hombre que cualquier parte de su cuerpo. Lo Invisible est\u00e1 alrededor del hombre como un medio que registra cada una de sus acciones terrenales y las refleja en consecuencias que ser\u00edan inevitables sin la acci\u00f3n de los mediadores, invisibles tambi\u00e9n.<\/p>\n<p>El t\u00e9rmino Invisible me pareci\u00f3 definir con mayor precisi\u00f3n lo que algunos fil\u00f3sofos llaman \u00abNuminoso\u00bb y otros \u00abSagrado\u00bb. Lo Sagrado puede ser creado por el hombre, mientras lo Invisible se le impone. En el esp\u00edritu humano de las civilizaciones tradicionales, lo Invisible no tiene la vaguedad de un concepto metaf\u00edsico, sino que es una realidad, una dimensi\u00f3n en la que se mueve cada uno de los hombres que componen toda la sociedad.<\/p>\n<!--themify_builder_content-->\n<div id=\"themify_builder_content-87996\" data-postid=\"87996\" class=\"themify_builder_content themify_builder_content-87996 themify_builder tf_clear\">\n    <\/div>\n<!--\/themify_builder_content-->\n","protected":false},"excerpt":{"rendered":"<p>Lo Invisible es m\u00e1s real, m\u00e1s presente, m\u00e1s sensible en el hombre que cualquier parte de su cuerpo&#8230;.<\/p>\n","protected":false},"author":7,"featured_media":87990,"comment_status":"closed","ping_status":"closed","sticky":false,"template":"","format":"standard","meta":{"_acf_changed":false,"footnotes":""},"categories":[171],"tags":[309],"class_list":["post-87996","post","type-post","status-publish","format-standard","has-post-thumbnail","hentry","category-citas-de-sabiduria","tag-filosofia-perenne-es","has-post-title","has-post-date","has-post-category","has-post-tag","has-post-comment","has-post-author",""],"acf":[],"_links":{"self":[{"href":"https:\/\/www.silene.ong\/es\/wp-json\/wp\/v2\/posts\/87996","targetHints":{"allow":["GET"]}}],"collection":[{"href":"https:\/\/www.silene.ong\/es\/wp-json\/wp\/v2\/posts"}],"about":[{"href":"https:\/\/www.silene.ong\/es\/wp-json\/wp\/v2\/types\/post"}],"author":[{"embeddable":true,"href":"https:\/\/www.silene.ong\/es\/wp-json\/wp\/v2\/users\/7"}],"replies":[{"embeddable":true,"href":"https:\/\/www.silene.ong\/es\/wp-json\/wp\/v2\/comments?post=87996"}],"version-history":[{"count":3,"href":"https:\/\/www.silene.ong\/es\/wp-json\/wp\/v2\/posts\/87996\/revisions"}],"predecessor-version":[{"id":87999,"href":"https:\/\/www.silene.ong\/es\/wp-json\/wp\/v2\/posts\/87996\/revisions\/87999"}],"wp:featuredmedia":[{"embeddable":true,"href":"https:\/\/www.silene.ong\/es\/wp-json\/wp\/v2\/media\/87990"}],"wp:attachment":[{"href":"https:\/\/www.silene.ong\/es\/wp-json\/wp\/v2\/media?parent=87996"}],"wp:term":[{"taxonomy":"category","embeddable":true,"href":"https:\/\/www.silene.ong\/es\/wp-json\/wp\/v2\/categories?post=87996"},{"taxonomy":"post_tag","embeddable":true,"href":"https:\/\/www.silene.ong\/es\/wp-json\/wp\/v2\/tags?post=87996"}],"curies":[{"name":"wp","href":"https:\/\/api.w.org\/{rel}","templated":true}]}}