{"id":90167,"date":"2019-10-02T09:48:19","date_gmt":"2019-10-02T08:48:19","guid":{"rendered":"https:\/\/www.silene.ong\/?p=90167"},"modified":"2021-02-19T08:39:58","modified_gmt":"2021-02-19T07:39:58","slug":"contemplacion-de-la-naturaleza-y-etica-ambiental","status":"publish","type":"post","link":"https:\/\/www.silene.ong\/es\/centro-de-documentacion\/contemplacion-de-la-naturaleza-y-etica-ambiental","title":{"rendered":"Contemplaci\u00f3n de la naturaleza y \u00e9tica ambiental"},"content":{"rendered":"<p>Los materiales de esta publicaci\u00f3n forman parte de un curso de introducci\u00f3n a la contemplaci\u00f3n de la naturaleza realizado el junio de 2019 en el puerto de Navacerrada, al norte de la Comunidad de Madrid (Espa\u00f1a), en el marco de las actividades de la C\u00e1tedra de \u00c9tica ambiental de la Universidad de Alcal\u00e1. El curso de tres d\u00edas pretend\u00eda facilitar una introducci\u00f3n a la contemplaci\u00f3n y extraer algunas consecuencias \u00e9ticas de la misma. Por naturaleza no se entiende s\u00f3lo la del entorno del Parque Nacional de la Sierra de Guadarrama, sino tambi\u00e9n la naturaleza propia, puesto que nunca estamos separados de ella. En cuanto a consecuencias \u00e9ticas, se abordan los valores y actitudes que fundamentan nuestra relaci\u00f3n con la naturaleza, sea interna o externa.\u00a0 La obra re\u00fane las aportaciones de los cuatro autores organizadas en sendos cap\u00edtulos.<\/p>\n<!--themify_builder_content-->\n<div id=\"themify_builder_content-90167\" data-postid=\"90167\" class=\"themify_builder_content themify_builder_content-90167 themify_builder tf_clear\">\n    <\/div>\n<!--\/themify_builder_content-->\n","protected":false},"excerpt":{"rendered":"<p>Los materiales de esta publicaci\u00f3n forman parte de un curso de introducci\u00f3n a la contemplaci\u00f3n de la naturaleza&#8230;<\/p>\n","protected":false},"author":7,"featured_media":92855,"comment_status":"closed","ping_status":"closed","sticky":false,"template":"","format":"standard","meta":{"_acf_changed":false,"footnotes":""},"categories":[103,123],"tags":[269,275],"class_list":["post-90167","post","type-post","status-publish","format-standard","has-post-thumbnail","hentry","category-centro-de-documentacion","category-informacion-y-sensibilizacion","tag-educacion-ambiental","tag-etica-es","has-post-title","has-post-date","has-post-category","has-post-tag","has-post-comment","has-post-author",""],"acf":[],"_links":{"self":[{"href":"https:\/\/www.silene.ong\/es\/wp-json\/wp\/v2\/posts\/90167","targetHints":{"allow":["GET"]}}],"collection":[{"href":"https:\/\/www.silene.ong\/es\/wp-json\/wp\/v2\/posts"}],"about":[{"href":"https:\/\/www.silene.ong\/es\/wp-json\/wp\/v2\/types\/post"}],"author":[{"embeddable":true,"href":"https:\/\/www.silene.ong\/es\/wp-json\/wp\/v2\/users\/7"}],"replies":[{"embeddable":true,"href":"https:\/\/www.silene.ong\/es\/wp-json\/wp\/v2\/comments?post=90167"}],"version-history":[{"count":3,"href":"https:\/\/www.silene.ong\/es\/wp-json\/wp\/v2\/posts\/90167\/revisions"}],"predecessor-version":[{"id":90184,"href":"https:\/\/www.silene.ong\/es\/wp-json\/wp\/v2\/posts\/90167\/revisions\/90184"}],"wp:featuredmedia":[{"embeddable":true,"href":"https:\/\/www.silene.ong\/es\/wp-json\/wp\/v2\/media\/92855"}],"wp:attachment":[{"href":"https:\/\/www.silene.ong\/es\/wp-json\/wp\/v2\/media?parent=90167"}],"wp:term":[{"taxonomy":"category","embeddable":true,"href":"https:\/\/www.silene.ong\/es\/wp-json\/wp\/v2\/categories?post=90167"},{"taxonomy":"post_tag","embeddable":true,"href":"https:\/\/www.silene.ong\/es\/wp-json\/wp\/v2\/tags?post=90167"}],"curies":[{"name":"wp","href":"https:\/\/api.w.org\/{rel}","templated":true}]}}