{"id":91534,"date":"2019-12-31T18:57:38","date_gmt":"2019-12-31T17:57:38","guid":{"rendered":"https:\/\/www.silene.ong\/sin-categorizar\/jalal-ad-din-rumi"},"modified":"2021-02-21T01:12:23","modified_gmt":"2021-02-21T00:12:23","slug":"jalal-ad-din-rumi","status":"publish","type":"post","link":"https:\/\/www.silene.ong\/es\/centro-de-documentacion\/jalal-ad-din-rumi","title":{"rendered":"Jalal ad D\u00een Rumi"},"content":{"rendered":"<p>Mor\u00ed como mineral y me convert\u00ed en una planta, mor\u00ed como planta y me levant\u00e9 como animal, mor\u00ed como animal y fui hombre. \u00bfPor qu\u00e9 deber\u00eda temer? \u00bfCu\u00e1ndo fui menos al morir? Sin embargo, una vez m\u00e1s morir\u00e9 como hombre, para elevarme con los \u00e1ngeles bendecidos; pero incluso el mundo ang\u00e9lico debo transcender: todos, excepto Dios, perecer\u00e1n. Cuando haya sacrificado mi alma de \u00e1ngel, me convertir\u00e9 en lo que ninguna mente ha concebido.\u00a0 \u00a1Oh, d\u00e9jadme no existir! Porque la inexistencia proclama en tonos de \u00f3rgano: \u00abA \u00c9l volveremos\u00bb.<\/p>\n<!--themify_builder_content-->\n<div id=\"themify_builder_content-91534\" data-postid=\"91534\" class=\"themify_builder_content themify_builder_content-91534 themify_builder tf_clear\">\n    <\/div>\n<!--\/themify_builder_content-->\n","protected":false},"excerpt":{"rendered":"<p>Mor\u00ed como mineral y me convert\u00ed en una planta, mor\u00ed como planta y me levant\u00e9 como animal, mor\u00ed&#8230;<\/p>\n","protected":false},"author":7,"featured_media":91025,"comment_status":"closed","ping_status":"closed","sticky":false,"template":"","format":"standard","meta":{"_acf_changed":false,"footnotes":""},"categories":[103,171],"tags":[197,390],"class_list":["post-91534","post","type-post","status-publish","format-standard","has-post-thumbnail","hentry","category-centro-de-documentacion","category-citas-de-sabiduria","tag-islam","tag-islam-es","has-post-title","has-post-date","has-post-category","has-post-tag","has-post-comment","has-post-author",""],"acf":[],"_links":{"self":[{"href":"https:\/\/www.silene.ong\/es\/wp-json\/wp\/v2\/posts\/91534","targetHints":{"allow":["GET"]}}],"collection":[{"href":"https:\/\/www.silene.ong\/es\/wp-json\/wp\/v2\/posts"}],"about":[{"href":"https:\/\/www.silene.ong\/es\/wp-json\/wp\/v2\/types\/post"}],"author":[{"embeddable":true,"href":"https:\/\/www.silene.ong\/es\/wp-json\/wp\/v2\/users\/7"}],"replies":[{"embeddable":true,"href":"https:\/\/www.silene.ong\/es\/wp-json\/wp\/v2\/comments?post=91534"}],"version-history":[{"count":9,"href":"https:\/\/www.silene.ong\/es\/wp-json\/wp\/v2\/posts\/91534\/revisions"}],"predecessor-version":[{"id":93959,"href":"https:\/\/www.silene.ong\/es\/wp-json\/wp\/v2\/posts\/91534\/revisions\/93959"}],"wp:featuredmedia":[{"embeddable":true,"href":"https:\/\/www.silene.ong\/es\/wp-json\/wp\/v2\/media\/91025"}],"wp:attachment":[{"href":"https:\/\/www.silene.ong\/es\/wp-json\/wp\/v2\/media?parent=91534"}],"wp:term":[{"taxonomy":"category","embeddable":true,"href":"https:\/\/www.silene.ong\/es\/wp-json\/wp\/v2\/categories?post=91534"},{"taxonomy":"post_tag","embeddable":true,"href":"https:\/\/www.silene.ong\/es\/wp-json\/wp\/v2\/tags?post=91534"}],"curies":[{"name":"wp","href":"https:\/\/api.w.org\/{rel}","templated":true}]}}