{"id":93082,"date":"2019-12-19T09:39:54","date_gmt":"2019-12-19T08:39:54","guid":{"rendered":"https:\/\/www.silene.ong\/?p=93082"},"modified":"2021-02-21T03:46:45","modified_gmt":"2021-02-21T02:46:45","slug":"teresa-de-lisieux","status":"publish","type":"post","link":"https:\/\/www.silene.ong\/es\/centro-de-documentacion\/citas-de-sabiduria\/teresa-de-lisieux","title":{"rendered":"Teresa de Lisieux"},"content":{"rendered":"<p>Puso ante mis ojos el libro de la naturaleza y entend\u00ed que todas las flores que cre\u00f3 son hermosas, que el brillo de la rosa y la blancura del lirio no eliminan el aroma de la peque\u00f1a violeta o la deslumbrante simplicidad de la margarita. Comprend\u00ed que si todas las peque\u00f1as flores quisieran ser rosas, la naturaleza perder\u00eda su encanto primaveral y los campos ya no estar\u00edan salpicados de flores. As\u00ed es en el mundo de las almas, que es el Jard\u00edn de Jes\u00fas.<\/p>\n<p>&nbsp;<\/p>\n<p>&nbsp;<\/p>\n<!--themify_builder_content-->\n<div id=\"themify_builder_content-93082\" data-postid=\"93082\" class=\"themify_builder_content themify_builder_content-93082 themify_builder tf_clear\">\n    <\/div>\n<!--\/themify_builder_content-->\n","protected":false},"excerpt":{"rendered":"<p>Si cada florecilla quisiera ser una rosa, la primavera perder\u00eda su encanto.<\/p>\n","protected":false},"author":7,"featured_media":93202,"comment_status":"closed","ping_status":"closed","sticky":false,"template":"","format":"standard","meta":{"_acf_changed":false,"footnotes":""},"categories":[171],"tags":[312],"class_list":["post-93082","post","type-post","status-publish","format-standard","has-post-thumbnail","hentry","category-citas-de-sabiduria","tag-cristianismo","has-post-title","has-post-date","has-post-category","has-post-tag","has-post-comment","has-post-author",""],"acf":[],"_links":{"self":[{"href":"https:\/\/www.silene.ong\/es\/wp-json\/wp\/v2\/posts\/93082","targetHints":{"allow":["GET"]}}],"collection":[{"href":"https:\/\/www.silene.ong\/es\/wp-json\/wp\/v2\/posts"}],"about":[{"href":"https:\/\/www.silene.ong\/es\/wp-json\/wp\/v2\/types\/post"}],"author":[{"embeddable":true,"href":"https:\/\/www.silene.ong\/es\/wp-json\/wp\/v2\/users\/7"}],"replies":[{"embeddable":true,"href":"https:\/\/www.silene.ong\/es\/wp-json\/wp\/v2\/comments?post=93082"}],"version-history":[{"count":8,"href":"https:\/\/www.silene.ong\/es\/wp-json\/wp\/v2\/posts\/93082\/revisions"}],"predecessor-version":[{"id":93882,"href":"https:\/\/www.silene.ong\/es\/wp-json\/wp\/v2\/posts\/93082\/revisions\/93882"}],"wp:featuredmedia":[{"embeddable":true,"href":"https:\/\/www.silene.ong\/es\/wp-json\/wp\/v2\/media\/93202"}],"wp:attachment":[{"href":"https:\/\/www.silene.ong\/es\/wp-json\/wp\/v2\/media?parent=93082"}],"wp:term":[{"taxonomy":"category","embeddable":true,"href":"https:\/\/www.silene.ong\/es\/wp-json\/wp\/v2\/categories?post=93082"},{"taxonomy":"post_tag","embeddable":true,"href":"https:\/\/www.silene.ong\/es\/wp-json\/wp\/v2\/tags?post=93082"}],"curies":[{"name":"wp","href":"https:\/\/api.w.org\/{rel}","templated":true}]}}