{"id":94966,"date":"2019-11-14T09:23:12","date_gmt":"2019-11-14T08:23:12","guid":{"rendered":"https:\/\/www.silene.ong\/?p=94966"},"modified":"2021-02-21T18:59:12","modified_gmt":"2021-02-21T17:59:12","slug":"ii-coloquio-internacional-sobre-las-sacra-saxa-las-piedras-sagradas-de-la-peninsula-iberica","status":"publish","type":"post","link":"https:\/\/www.silene.ong\/es\/noticias\/ii-coloquio-internacional-sobre-las-sacra-saxa-las-piedras-sagradas-de-la-peninsula-iberica","title":{"rendered":"II Coloquio Internacional sobre las Sacra Saxa: las piedras sagradas de la pen\u00ednsula ib\u00e9rica"},"content":{"rendered":"<p>El <a href=\"https:\/\/www.iea.es\/\"><strong>Instituto de Estudios Altoaragoneses<\/strong><\/a>, en colaboraci\u00f3n con el\u00a0<a href=\"http:\/\/www.rah.es\/gabinete-de-antiguedades\/\"><strong>Gabinete de Antig\u00fcedades de la Real Academia de la Historia<\/strong><\/a>\u00a0y la <a href=\"https:\/\/www.fundacionibercaja.es\/\"><strong>Fundaci\u00f3n Ibercaja<\/strong><\/a> convoca el II Coloquio Internacional sobre las Sacra Saxa: las piedras sagradas de la pen\u00ednsula ib\u00e9rica, que se celebrar\u00e1 en Huesca los d\u00edas 21, 22 y 23 de noviembre de 2019.<\/p>\n<p><strong>S<\/strong>e aportar\u00e1n las nuevas informaciones obtenidas en m\u00e1s de veinte provincias espa\u00f1olas, recogidas en\u00a0 quince intervenciones que dar\u00e1n a conocer el estado m\u00e1s actual de estas investigaciones, en la doble\u00a0 vertiente de estudio e interpretaci\u00f3n de los monumentos y de valoraci\u00f3n y difusi\u00f3n como elementos del mayor inter\u00e9s para el patrimonio arqueol\u00f3gico y paisaj\u00edstico, al que se dedicar\u00e1 el\u00a0 \u00faltimo d\u00eda, para debatir las conclusiones y presentar nuevas propuestas de actuaci\u00f3n.<\/p>\n<p>El coloquio est\u00e1 coordinado por Mart\u00edn Almagro-Gorbea y \u00c1ngel Gari, formando el comit\u00e9 t\u00e9cnico Jos\u00e9 Miguel Navarro, Eugenio\u00a0 Monesma y Josefina Roma.<\/p>\n<p>Vean el <a href=\"https:\/\/aragondocumenta.com\/sacra-saxa-2019\/\" target=\"_blank\" rel=\"noopener\">Programa e informaci\u00f3n adicional.<\/a><\/p>\n<!--themify_builder_content-->\n<div id=\"themify_builder_content-94966\" data-postid=\"94966\" class=\"themify_builder_content themify_builder_content-94966 themify_builder tf_clear\">\n    <\/div>\n<!--\/themify_builder_content-->\n","protected":false},"excerpt":{"rendered":"<p>El Instituto de Estudios Altoaragoneses, en colaboraci\u00f3n con el\u00a0Gabinete de Antig\u00fcedades de la Real Academia de la Historia\u00a0y&#8230;<\/p>\n","protected":false},"author":7,"featured_media":94961,"comment_status":"closed","ping_status":"closed","sticky":false,"template":"","format":"standard","meta":{"_acf_changed":false,"footnotes":""},"categories":[132],"tags":[],"class_list":["post-94966","post","type-post","status-publish","format-standard","has-post-thumbnail","hentry","category-noticias","has-post-title","has-post-date","has-post-category","has-post-tag","has-post-comment","has-post-author",""],"acf":[],"_links":{"self":[{"href":"https:\/\/www.silene.ong\/es\/wp-json\/wp\/v2\/posts\/94966","targetHints":{"allow":["GET"]}}],"collection":[{"href":"https:\/\/www.silene.ong\/es\/wp-json\/wp\/v2\/posts"}],"about":[{"href":"https:\/\/www.silene.ong\/es\/wp-json\/wp\/v2\/types\/post"}],"author":[{"embeddable":true,"href":"https:\/\/www.silene.ong\/es\/wp-json\/wp\/v2\/users\/7"}],"replies":[{"embeddable":true,"href":"https:\/\/www.silene.ong\/es\/wp-json\/wp\/v2\/comments?post=94966"}],"version-history":[{"count":2,"href":"https:\/\/www.silene.ong\/es\/wp-json\/wp\/v2\/posts\/94966\/revisions"}],"predecessor-version":[{"id":94968,"href":"https:\/\/www.silene.ong\/es\/wp-json\/wp\/v2\/posts\/94966\/revisions\/94968"}],"wp:featuredmedia":[{"embeddable":true,"href":"https:\/\/www.silene.ong\/es\/wp-json\/wp\/v2\/media\/94961"}],"wp:attachment":[{"href":"https:\/\/www.silene.ong\/es\/wp-json\/wp\/v2\/media?parent=94966"}],"wp:term":[{"taxonomy":"category","embeddable":true,"href":"https:\/\/www.silene.ong\/es\/wp-json\/wp\/v2\/categories?post=94966"},{"taxonomy":"post_tag","embeddable":true,"href":"https:\/\/www.silene.ong\/es\/wp-json\/wp\/v2\/tags?post=94966"}],"curies":[{"name":"wp","href":"https:\/\/api.w.org\/{rel}","templated":true}]}}