{"id":97040,"date":"2020-04-04T09:20:06","date_gmt":"2020-04-04T08:20:06","guid":{"rendered":"https:\/\/www.silene.ong\/?p=97040"},"modified":"2024-04-18T11:39:24","modified_gmt":"2024-04-18T09:39:24","slug":"cuadernos-silene","status":"publish","type":"post","link":"https:\/\/www.silene.ong\/es\/centro-de-documentacion\/cuadernos-silene","title":{"rendered":"Cuadernos de Silene"},"content":{"rendered":"<p>La serie de los <em>Cuadernos de Silene<\/em> (publicada en catal\u00e1n y castellano) quiere abordar retos relevantes de actualidad sin prisa, con periodicidad trimestral. Interpelado por la crisis sanitaria y las reacciones que ha desencadenado, el equipo editorial de Silene sinti\u00f3 el deber de hacer una modesta aportaci\u00f3n a nuestra sociedad. El primer n\u00famero apareci\u00f3 el 5 de abril de 2020, despu\u00e9s de tres semanas de confinamiento obligatorio.<\/p>\n<p>Los <em>Cuadernos de Silene<\/em> quieren ser una invitaci\u00f3n a la reflexi\u00f3n y la introspecci\u00f3n, de la mano de nuestra madre y maestra la Naturaleza, as\u00ed como de la ense\u00f1anza de portavoces contempor\u00e1neos de tradiciones espirituales y de sabidur\u00eda. Cada n\u00famero tiene un manifiesto o un editorial del equipo redactor.<\/p>\n<p>Revistas:<\/p>\n<p><em><a href=\"https:\/\/www.silene.ong\/noticies\/publicacio-de-la-jornada-sobre-la-sexafolia-a-lalt-pirineu#La-sexafolia-i-la-integracio-del-patrimoni-immaterial-en-els-espais-naturals-protegits-.pdf\" target=\"_blank\" rel=\"noopener\">La integraci\u00f3 del patrimoni immaterial en els espais naturals protegits: la sexaf\u00f2lia a l&#8217;alt Pirineu<\/a>. <\/em>Actas de una jornada d\u2019estudio que Silene organiz\u00f3 para el Parque Natural de l\u2019Alt Pirineu en el Ecomuseu de les Valls d\u2019\u00c0neu, Esterri d\u2019\u00c0neu (Catalu\u00f1a) en 2023. Contiene las comunicaciones presentadas por J\u00falia Carreras, Jordi Abella,\u00a0 Marc Garriga y Josep Maria Mallarach, as\u00ed como la sesi\u00f3n participativa moderada por Xavier Peranau, con todas las propuestas que de ella surgieron. Disponible s\u00f3lo en catal\u00e1n.<\/p>\n<!--themify_builder_content-->\n<div id=\"themify_builder_content-97040\" data-postid=\"97040\" class=\"themify_builder_content themify_builder_content-97040 themify_builder tf_clear\">\n    <\/div>\n<!--\/themify_builder_content-->\n","protected":false},"excerpt":{"rendered":"<p>La serie de los Cuadernos de Silene (publicada en catal\u00e1n y castellano) quiere abordar retos relevantes de actualidad&#8230;<\/p>\n","protected":false},"author":13,"featured_media":97830,"comment_status":"closed","ping_status":"closed","sticky":false,"template":"","format":"standard","meta":{"_acf_changed":false,"footnotes":""},"categories":[103,135,125],"tags":[],"class_list":["post-97040","post","type-post","status-publish","format-standard","has-post-thumbnail","hentry","category-centro-de-documentacion","category-proyectos","category-publicaciones","has-post-title","has-post-date","has-post-category","has-post-tag","has-post-comment","has-post-author",""],"acf":[],"_links":{"self":[{"href":"https:\/\/www.silene.ong\/es\/wp-json\/wp\/v2\/posts\/97040","targetHints":{"allow":["GET"]}}],"collection":[{"href":"https:\/\/www.silene.ong\/es\/wp-json\/wp\/v2\/posts"}],"about":[{"href":"https:\/\/www.silene.ong\/es\/wp-json\/wp\/v2\/types\/post"}],"author":[{"embeddable":true,"href":"https:\/\/www.silene.ong\/es\/wp-json\/wp\/v2\/users\/13"}],"replies":[{"embeddable":true,"href":"https:\/\/www.silene.ong\/es\/wp-json\/wp\/v2\/comments?post=97040"}],"version-history":[{"count":32,"href":"https:\/\/www.silene.ong\/es\/wp-json\/wp\/v2\/posts\/97040\/revisions"}],"predecessor-version":[{"id":124801,"href":"https:\/\/www.silene.ong\/es\/wp-json\/wp\/v2\/posts\/97040\/revisions\/124801"}],"wp:featuredmedia":[{"embeddable":true,"href":"https:\/\/www.silene.ong\/es\/wp-json\/wp\/v2\/media\/97830"}],"wp:attachment":[{"href":"https:\/\/www.silene.ong\/es\/wp-json\/wp\/v2\/media?parent=97040"}],"wp:term":[{"taxonomy":"category","embeddable":true,"href":"https:\/\/www.silene.ong\/es\/wp-json\/wp\/v2\/categories?post=97040"},{"taxonomy":"post_tag","embeddable":true,"href":"https:\/\/www.silene.ong\/es\/wp-json\/wp\/v2\/tags?post=97040"}],"curies":[{"name":"wp","href":"https:\/\/api.w.org\/{rel}","templated":true}]}}