{"id":99504,"date":"2018-08-28T16:45:04","date_gmt":"2018-08-28T15:45:04","guid":{"rendered":"https:\/\/www.silene.ong\/?p=99504"},"modified":"2021-02-21T11:51:18","modified_gmt":"2021-02-21T10:51:18","slug":"declaracion-de-belen30","status":"publish","type":"post","link":"https:\/\/www.silene.ong\/es\/centro-de-documentacion\/declaracion-de-belen30","title":{"rendered":"Declaraci\u00f3n de Bel\u00e9n+30"},"content":{"rendered":"<p>Nueva Declaraci\u00f3n de Bel\u00e9m, aprovada 30 a\u00f1os despu\u00e9s de la publicaci\u00f3n de la \u00abCarta de Bel\u00e9m\u00bb en 1988 preparada durante el I Congreso Internacional de Etnobiolog\u00eda organizado por el Museo Emilio Goeldi. La Declaraci\u00f3n de Bel\u00e9m + 30, ratificada por el Foro de los Pueblos y le\u00edda en p\u00fablico en la ceremonia de clausura de Bel\u00e9m + 30 el 10 de agosto de 2018, en portugu\u00e9s y en tucano (el idioma de los habitantes del canal principal del Amazonas) defienden el respeto por los territorios de los pueblos ind\u00edgenas y las comunidades locales, la libertad de gesti\u00f3n y la autodeterminaci\u00f3n de sus formas de vida. Aboga por la necesidad de una consulta gratuita, previa e informada para proyectos y \/ o acciones que puedan afectar sus territorios y estilos de vida; la distribuci\u00f3n equitativa de beneficios de la investigaci\u00f3n y \/ o uso de la sociodiversidad; la implementaci\u00f3n de programas educativos diferenciados adaptados a las condiciones locales; dirigiendo recursos de ciencia y tecnolog\u00eda a iniciativas de pueblos tradicionales; asegurar un castigo efectivo por cr\u00edmenes ambientales y las violaciones de derechos humanos; m\u00e1s all\u00e1 del reconocimiento del conocimiento, las culturas y las innovaciones de los diferentes pueblos.<\/p>\n<!--themify_builder_content-->\n<div id=\"themify_builder_content-99504\" data-postid=\"99504\" class=\"themify_builder_content themify_builder_content-99504 themify_builder tf_clear\">\n    <\/div>\n<!--\/themify_builder_content-->\n","protected":false},"excerpt":{"rendered":"<p>Nueva Declaraci\u00f3n de Bel\u00e9m, aprovada 30 a\u00f1os despu\u00e9s de la publicaci\u00f3n de la \u00abCarta de Bel\u00e9m\u00bb en 1988&#8230;<\/p>\n","protected":false},"author":7,"featured_media":99497,"comment_status":"closed","ping_status":"closed","sticky":false,"template":"","format":"standard","meta":{"_acf_changed":false,"footnotes":""},"categories":[103,108],"tags":[332,300],"class_list":["post-99504","post","type-post","status-publish","format-standard","has-post-thumbnail","hentry","category-centro-de-documentacion","category-declaraciones","tag-conocimientos-tradicionales","tag-valores-espirituales","has-post-title","has-post-date","has-post-category","has-post-tag","has-post-comment","has-post-author",""],"acf":[],"_links":{"self":[{"href":"https:\/\/www.silene.ong\/es\/wp-json\/wp\/v2\/posts\/99504","targetHints":{"allow":["GET"]}}],"collection":[{"href":"https:\/\/www.silene.ong\/es\/wp-json\/wp\/v2\/posts"}],"about":[{"href":"https:\/\/www.silene.ong\/es\/wp-json\/wp\/v2\/types\/post"}],"author":[{"embeddable":true,"href":"https:\/\/www.silene.ong\/es\/wp-json\/wp\/v2\/users\/7"}],"replies":[{"embeddable":true,"href":"https:\/\/www.silene.ong\/es\/wp-json\/wp\/v2\/comments?post=99504"}],"version-history":[{"count":5,"href":"https:\/\/www.silene.ong\/es\/wp-json\/wp\/v2\/posts\/99504\/revisions"}],"predecessor-version":[{"id":99522,"href":"https:\/\/www.silene.ong\/es\/wp-json\/wp\/v2\/posts\/99504\/revisions\/99522"}],"wp:featuredmedia":[{"embeddable":true,"href":"https:\/\/www.silene.ong\/es\/wp-json\/wp\/v2\/media\/99497"}],"wp:attachment":[{"href":"https:\/\/www.silene.ong\/es\/wp-json\/wp\/v2\/media?parent=99504"}],"wp:term":[{"taxonomy":"category","embeddable":true,"href":"https:\/\/www.silene.ong\/es\/wp-json\/wp\/v2\/categories?post=99504"},{"taxonomy":"post_tag","embeddable":true,"href":"https:\/\/www.silene.ong\/es\/wp-json\/wp\/v2\/tags?post=99504"}],"curies":[{"name":"wp","href":"https:\/\/api.w.org\/{rel}","templated":true}]}}