{"id":165,"count":21,"description":"S\u00e9lection de projets de formation, de sensibilisation et de diffusion r\u00e9alis\u00e9s par l&#039;association Silene, soit seuls, soit en collaboration avec d&#039;autres entit\u00e9s.","link":"https:\/\/www.silene.ong\/fr\/projects\/formation-et-diffusion","name":"Formation et diffusion","slug":"formation-et-diffusion","taxonomy":"category","parent":134,"meta":[],"acf":[],"_links":{"self":[{"href":"https:\/\/www.silene.ong\/fr\/wp-json\/wp\/v2\/categories\/165","targetHints":{"allow":["GET"]}}],"collection":[{"href":"https:\/\/www.silene.ong\/fr\/wp-json\/wp\/v2\/categories"}],"about":[{"href":"https:\/\/www.silene.ong\/fr\/wp-json\/wp\/v2\/taxonomies\/category"}],"up":[{"embeddable":true,"href":"https:\/\/www.silene.ong\/fr\/wp-json\/wp\/v2\/categories\/134"}],"wp:post_type":[{"href":"https:\/\/www.silene.ong\/fr\/wp-json\/wp\/v2\/posts?categories=165"}],"curies":[{"name":"wp","href":"https:\/\/api.w.org\/{rel}","templated":true}]}}