{"id":100626,"date":"2020-09-21T17:28:47","date_gmt":"2020-09-21T16:28:47","guid":{"rendered":"https:\/\/www.silene.ong\/non-classifiee\/a-geoethical-approach-to-the-governance-of-socioecological-systems-the-case-of-the-delta-de-la-tordera"},"modified":"2021-02-20T16:18:37","modified_gmt":"2021-02-20T15:18:37","slug":"a-geoethical-approach-to-the-governance-of-socioecological-systems-the-case-of-the-delta-de-la-tordera","status":"publish","type":"post","link":"https:\/\/www.silene.ong\/fr\/centre-de-documentation\/a-geoethical-approach-to-the-governance-of-socioecological-systems-the-case-of-the-delta-de-la-tordera","title":{"rendered":"A Geoethical approach to the governance of socioecological systems: The case of the Delta de la Tordera"},"content":{"rendered":"<p class=\"western\" lang=\"fr-FR\"><span style=\"font-family: Times New Roman, serif;\">Cet article pr\u00e9sente le dilemme g\u00e9o\u00e9thique de la zone c\u00f4ti\u00e8re du delta de la Tordera comme un cas <\/span><span style=\"font-family: Times New Roman, serif;\">\u00e9tude ayant pour objectif de montrer la contribution de la g\u00e9o\u00e9thique \u00e0 la gouvernance des <\/span><span style=\"font-family: Times New Roman, serif;\">syst\u00e8mes socio-\u00e9cologiques. Le delta de la Tordera, situ\u00e9 dans le sud de la Costa Brava, en Catalogne, <\/span><span style=\"font-family: Times New Roman, serif;\">constitue un syst\u00e8me socio-\u00e9cologique qui souffre d&rsquo;une anthropisation intense principalement due \u00e0 <\/span><span style=\"font-family: Times New Roman, serif;\">pressions touristiques sur la c\u00f4te. Le tourisme massif du \u00absoleil et plage\u00bb, bien qu&rsquo;il ait apport\u00e9 <\/span><span style=\"font-family: Times New Roman, serif;\">le bien-\u00eatre humain et le d\u00e9veloppement \u00e9conomique de la r\u00e9gion, a provoqu\u00e9 une forte urbanisation de <\/span><span style=\"font-family: Times New Roman, serif;\">le littoral qui a modifi\u00e9 la dynamique c\u00f4ti\u00e8re, \u00e9rod\u00e9 ses plages et d\u00e9grad\u00e9 de nombreux <\/span><span style=\"font-family: Times New Roman, serif;\">services \u00e9cosyst\u00e9miques, ce qui est aggrav\u00e9 aujourd&rsquo;hui par les \u00e9v\u00e9nements du changement climatique en termes de <\/span><span style=\"font-family: Times New Roman, serif;\">l&rsquo;\u00e9l\u00e9vation du niveau de la mer ainsi que la magnitude des temp\u00eates typiques de la <\/span><span style=\"font-family: Times New Roman, serif;\">C\u00f4te m\u00e9diterran\u00e9enne occidentales (llevantades). Poser le probl\u00e8me de la gouvernance en termes de dilemme g\u00e9o\u00e9thique <\/span><span style=\"font-family: Times New Roman, serif;\">signifie discerner parmi les valeurs qui renvoient \u00e0 la signification intrins\u00e8que des paysages c\u00f4tiers et <\/span><span style=\"font-family: Times New Roman, serif;\">beaucoup plus de valeurs instrumentales qui consid\u00e8rent les plages comme des biens (marchandises) \u00e0 usage touristique. <\/span><span style=\"font-family: Times New Roman, serif;\">Enfin, l&rsquo;article se demande s&rsquo;il existe un moyen de surmonter cette dichotomie des valeurs en <\/span><span style=\"font-family: Times New Roman, serif;\">consid\u00e9rer les valeurs de sens comme des \u00e9l\u00e9ments qui forgent les identit\u00e9s culturelles comme recherche suppl\u00e9mentaire.<\/span><\/p>\n<!--themify_builder_content-->\n<div id=\"themify_builder_content-100626\" data-postid=\"100626\" class=\"themify_builder_content themify_builder_content-100626 themify_builder tf_clear\">\n    <\/div>\n<!--\/themify_builder_content-->\n","protected":false},"excerpt":{"rendered":"<p>Cet article pr\u00e9sente le dilemme g\u00e9o\u00e9thique de la zone c\u00f4ti\u00e8re du delta de la Tordera comme un cas&#8230;<\/p>\n","protected":false},"author":7,"featured_media":100621,"comment_status":"closed","ping_status":"closed","sticky":false,"template":"","format":"standard","meta":{"_acf_changed":false,"footnotes":""},"categories":[104,122],"tags":[256,277],"class_list":["post-100626","post","type-post","status-publish","format-standard","has-post-thumbnail","hentry","category-centre-de-documentation","category-information-et-sensibilisation","tag-conservation-fr","tag-ethique","has-post-title","has-post-date","has-post-category","has-post-tag","has-post-comment","has-post-author",""],"acf":[],"_links":{"self":[{"href":"https:\/\/www.silene.ong\/fr\/wp-json\/wp\/v2\/posts\/100626","targetHints":{"allow":["GET"]}}],"collection":[{"href":"https:\/\/www.silene.ong\/fr\/wp-json\/wp\/v2\/posts"}],"about":[{"href":"https:\/\/www.silene.ong\/fr\/wp-json\/wp\/v2\/types\/post"}],"author":[{"embeddable":true,"href":"https:\/\/www.silene.ong\/fr\/wp-json\/wp\/v2\/users\/7"}],"replies":[{"embeddable":true,"href":"https:\/\/www.silene.ong\/fr\/wp-json\/wp\/v2\/comments?post=100626"}],"version-history":[{"count":2,"href":"https:\/\/www.silene.ong\/fr\/wp-json\/wp\/v2\/posts\/100626\/revisions"}],"predecessor-version":[{"id":100633,"href":"https:\/\/www.silene.ong\/fr\/wp-json\/wp\/v2\/posts\/100626\/revisions\/100633"}],"wp:featuredmedia":[{"embeddable":true,"href":"https:\/\/www.silene.ong\/fr\/wp-json\/wp\/v2\/media\/100621"}],"wp:attachment":[{"href":"https:\/\/www.silene.ong\/fr\/wp-json\/wp\/v2\/media?parent=100626"}],"wp:term":[{"taxonomy":"category","embeddable":true,"href":"https:\/\/www.silene.ong\/fr\/wp-json\/wp\/v2\/categories?post=100626"},{"taxonomy":"post_tag","embeddable":true,"href":"https:\/\/www.silene.ong\/fr\/wp-json\/wp\/v2\/tags?post=100626"}],"curies":[{"name":"wp","href":"https:\/\/api.w.org\/{rel}","templated":true}]}}