{"id":101613,"date":"2021-01-13T11:42:43","date_gmt":"2021-01-13T10:42:43","guid":{"rendered":"https:\/\/www.silene.ong\/?p=101613"},"modified":"2021-09-04T17:45:32","modified_gmt":"2021-09-04T16:45:32","slug":"cultural-and-spiritual-significance-of-nature-guidance-for-protected-and-conserved-area-governace-and-management","status":"publish","type":"post","link":"https:\/\/www.silene.ong\/fr\/centre-de-documentation\/cultural-and-spiritual-significance-of-nature-guidance-for-protected-and-conserved-area-governace-and-management","title":{"rendered":"Cultural and spiritual significance of nature. Guidance for protected and conserved area governace and management"},"content":{"rendered":"<p>Ce guide de bonnes pratiques, n\u00famero 32 de la collection publi\u00e9 par la Commission mondiale d&rsquo;aires prot\u00e9g\u00e9es de l&rsquo;UICN, est le r\u00e9sultat d&rsquo;un long projet du Groupe de l&rsquo;UICN sur les valeurs culturelles et spirituelles des aires naturelles prot\u00e9g\u00e9es, que l&rsquo;association Silene a apport\u00e9 un soutien continu, depuis le d\u00e9but, \u00e0 l&rsquo;assamb\u00e9e g\u00e9n\u00e9rale de l&rsquo;UICN de Barcelone, en 2008.<\/p>\n<p>\u00c0 l&rsquo;\u00e8re de crise syst\u00e9mique dans laquelle nous vivons, ce guide aide veut aider \u00e0 repenser les fondements et les valeurs qui sous-tendent les politiques de conservation. Il fournit des \u00e9tudes de cas et des exemples r\u00e9els du monde entier pour toutes les lignes directrices qu&rsquo;il propose, dans le but d&rsquo;inspirer des mod\u00e8les plus justes et plus efficaces de conservation de la nature et d&rsquo;aider \u00e0 surmonter les implications du colonialisme culturel occidental.<\/p>\n<p>L&rsquo;importance culturelle et spirituelle de la nature englobe les significations, valeurs, sentiments, id\u00e9es et associations spirituelles, culturelles, inspirantes, esth\u00e9tiques, historiques et sociales que la nature a pour les g\u00e9n\u00e9rations pass\u00e9es, pr\u00e9sentes et futures de personnes, collectifs et peuples. Ces directives r\u00e9pondent \u00e0 un besoin croissant de rendre la conservation de la nature plus inclusive, efficace et \u00e9quitable, en tenant compte des multiples visions du monde, en traitant le patrimoine naturel et culturel comme interd\u00e9pendant et en proposant des moyens d&rsquo;attirer et d&rsquo;autonomiser tous les groupes d&rsquo;int\u00e9r\u00eat pertinent pour la conception, la gouvernance et la gestion de la conservationde la nature. Les directives aident \u00e9galement \u00e0 cr\u00e9er un terrain d&rsquo;entente, \u00e0 r\u00e9soudre les conflits et \u00e0 appliquer des approches fond\u00e9es sur les droits, qui reconnaissent les droits de l&rsquo;homme et le pluralisme juridique.<\/p>\n<p>&nbsp;<\/p>\n<!--themify_builder_content-->\n<div id=\"themify_builder_content-101613\" data-postid=\"101613\" class=\"themify_builder_content themify_builder_content-101613 themify_builder tf_clear\">\n    <\/div>\n<!--\/themify_builder_content-->\n","protected":false},"excerpt":{"rendered":"<p>Ce guide de bonnes pratiques, n\u00famero 32 de la collection publi\u00e9 par la Commission mondiale d&rsquo;aires prot\u00e9g\u00e9es de&#8230;<\/p>\n","protected":false},"author":7,"featured_media":101644,"comment_status":"closed","ping_status":"closed","sticky":false,"template":"","format":"standard","meta":{"_acf_changed":false,"footnotes":""},"categories":[104,116],"tags":[255,256,257,259,277],"class_list":["post-101613","post","type-post","status-publish","format-standard","has-post-thumbnail","hentry","category-centre-de-documentation","category-documents-strategiques","tag-conservation","tag-conservation-fr","tag-cosmovision","tag-cosmovision-fr","tag-ethique","has-post-title","has-post-date","has-post-category","has-post-tag","has-post-comment","has-post-author",""],"acf":[],"_links":{"self":[{"href":"https:\/\/www.silene.ong\/fr\/wp-json\/wp\/v2\/posts\/101613","targetHints":{"allow":["GET"]}}],"collection":[{"href":"https:\/\/www.silene.ong\/fr\/wp-json\/wp\/v2\/posts"}],"about":[{"href":"https:\/\/www.silene.ong\/fr\/wp-json\/wp\/v2\/types\/post"}],"author":[{"embeddable":true,"href":"https:\/\/www.silene.ong\/fr\/wp-json\/wp\/v2\/users\/7"}],"replies":[{"embeddable":true,"href":"https:\/\/www.silene.ong\/fr\/wp-json\/wp\/v2\/comments?post=101613"}],"version-history":[{"count":17,"href":"https:\/\/www.silene.ong\/fr\/wp-json\/wp\/v2\/posts\/101613\/revisions"}],"predecessor-version":[{"id":107520,"href":"https:\/\/www.silene.ong\/fr\/wp-json\/wp\/v2\/posts\/101613\/revisions\/107520"}],"wp:featuredmedia":[{"embeddable":true,"href":"https:\/\/www.silene.ong\/fr\/wp-json\/wp\/v2\/media\/101644"}],"wp:attachment":[{"href":"https:\/\/www.silene.ong\/fr\/wp-json\/wp\/v2\/media?parent=101613"}],"wp:term":[{"taxonomy":"category","embeddable":true,"href":"https:\/\/www.silene.ong\/fr\/wp-json\/wp\/v2\/categories?post=101613"},{"taxonomy":"post_tag","embeddable":true,"href":"https:\/\/www.silene.ong\/fr\/wp-json\/wp\/v2\/tags?post=101613"}],"curies":[{"name":"wp","href":"https:\/\/api.w.org\/{rel}","templated":true}]}}