{"id":104929,"date":"2021-06-17T19:03:45","date_gmt":"2021-06-17T18:03:45","guid":{"rendered":"https:\/\/www.silene.ong\/?p=104929"},"modified":"2021-06-30T17:15:35","modified_gmt":"2021-06-30T16:15:35","slug":"ecosofia-el-arte-de-escuchar-la-tierra","status":"publish","type":"post","link":"https:\/\/www.silene.ong\/fr\/centre-de-documentation\/ecosofia-el-arte-de-escuchar-la-tierra","title":{"rendered":"Ecosof\u00eda. El arte de escuchar la Tierra"},"content":{"rendered":"<p><span class=\"VIiyi\" lang=\"fr\"><span class=\"JLqJ4b\" data-language-for-alternatives=\"fr\" data-language-to-translate-into=\"ca\" data-phrase-index=\"0\"><em>Ecosof\u00eda el arte de escuchar la Tierra<\/em> (Ecosophie, l&rsquo;art d&rsquo;\u00e9couter la Terre) est le titre de l&rsquo;introduction du livre <em>Ecosof\u00eda. La sabidur\u00eda de la Tierra<\/em> (Ecosophie. La Sagesse de la Terre) \u00e9dit\u00e9e en catalan et espagnol par le philosophe Jordi Pigem, dans laquelle sont rassembl\u00e9s tous les \u00e9crits de Raimon Panikkar sur sa vision de l&rsquo;Ecosophie. Cette introduction renvoie tout d&rsquo;abord \u00e0 la triple naissance du concept d&rsquo;Ecosophie par Guattari, Na\u00ebs et Panikkar, synth\u00e9tisant les diff\u00e9rentes visions de chacun d&rsquo;eux, et soulignant les similitudes de vision entre les deux derniers. Il est alors pr\u00e9cis\u00e9 que la notion de Panikkar, qui correspond \u00e0 celle de la sagesse de la Terre elle-m\u00eame en tant que sujet vivant, que l&rsquo;homme doit r\u00e9apprendre \u00e0 la r\u00e9entendre car elle fait partie d&rsquo;un tout cosmot\u00e9andrique. Il conclut cette introduction par une r\u00e9flexion sur la Terre en tant que Tout Vivant, et la n\u00e9cessit\u00e9 pour l&rsquo;ecosophie de d\u00e9velopper une relation saine, harmonieuse et participative avec la toile de la vie, en disant que la Terre sait ce qu&rsquo;elle fait &#8211; bien plus que le technocapitalisme [\u2026] . Peut-\u00eatre que si nous apprenons \u00e0 l&rsquo;\u00e9couter, elle nous montrera le chemin.<\/span><\/span><\/p>\n<!--themify_builder_content-->\n<div id=\"themify_builder_content-104929\" data-postid=\"104929\" class=\"themify_builder_content themify_builder_content-104929 themify_builder tf_clear\">\n    <\/div>\n<!--\/themify_builder_content-->\n","protected":false},"excerpt":{"rendered":"<p>Ecosof\u00eda el arte de escuchar la Tierra (Ecosophie, l&rsquo;art d&rsquo;\u00e9couter la Terre) est le titre de l&rsquo;introduction du&#8230;<\/p>\n","protected":false},"author":9,"featured_media":105415,"comment_status":"closed","ping_status":"closed","sticky":false,"template":"","format":"standard","meta":{"_acf_changed":false,"footnotes":""},"categories":[104,140],"tags":[277,367],"class_list":["post-104929","post","type-post","status-publish","format-standard","has-post-thumbnail","hentry","category-centre-de-documentation","category-reflexions-sur-la-nature-et-la-spiritualite","tag-ethique","tag-philosophie-perenne","has-post-title","has-post-date","has-post-category","has-post-tag","has-post-comment","has-post-author",""],"acf":[],"_links":{"self":[{"href":"https:\/\/www.silene.ong\/fr\/wp-json\/wp\/v2\/posts\/104929","targetHints":{"allow":["GET"]}}],"collection":[{"href":"https:\/\/www.silene.ong\/fr\/wp-json\/wp\/v2\/posts"}],"about":[{"href":"https:\/\/www.silene.ong\/fr\/wp-json\/wp\/v2\/types\/post"}],"author":[{"embeddable":true,"href":"https:\/\/www.silene.ong\/fr\/wp-json\/wp\/v2\/users\/9"}],"replies":[{"embeddable":true,"href":"https:\/\/www.silene.ong\/fr\/wp-json\/wp\/v2\/comments?post=104929"}],"version-history":[{"count":5,"href":"https:\/\/www.silene.ong\/fr\/wp-json\/wp\/v2\/posts\/104929\/revisions"}],"predecessor-version":[{"id":105419,"href":"https:\/\/www.silene.ong\/fr\/wp-json\/wp\/v2\/posts\/104929\/revisions\/105419"}],"wp:featuredmedia":[{"embeddable":true,"href":"https:\/\/www.silene.ong\/fr\/wp-json\/wp\/v2\/media\/105415"}],"wp:attachment":[{"href":"https:\/\/www.silene.ong\/fr\/wp-json\/wp\/v2\/media?parent=104929"}],"wp:term":[{"taxonomy":"category","embeddable":true,"href":"https:\/\/www.silene.ong\/fr\/wp-json\/wp\/v2\/categories?post=104929"},{"taxonomy":"post_tag","embeddable":true,"href":"https:\/\/www.silene.ong\/fr\/wp-json\/wp\/v2\/tags?post=104929"}],"curies":[{"name":"wp","href":"https:\/\/api.w.org\/{rel}","templated":true}]}}