{"id":105451,"date":"2021-07-01T09:51:54","date_gmt":"2021-07-01T08:51:54","guid":{"rendered":"https:\/\/www.silene.ong\/?p=105451"},"modified":"2021-07-22T11:11:48","modified_gmt":"2021-07-22T10:11:48","slug":"del-microcosmos-al-microcos","status":"publish","type":"post","link":"https:\/\/www.silene.ong\/fr\/centre-de-documentation\/del-microcosmos-al-microcos","title":{"rendered":"Del microcosmos al microc\u00f2s"},"content":{"rendered":"<p>Br\u00e8ve r\u00e9flexion du philosophe Jordi Pigem induite par les mesures adopt\u00e9es face au Covid-19 pour r\u00e9duire le microcosme humain dans le corps (jeu de mots en catalan: microc\u00f2s=micro-corps) en oubliant les dimensions sociales, psychiques et spirituelles. Il soutient que le soin exclusif de la vie biologique est pr\u00e9judiciable au soin de la sant\u00e9 sociale, mentale et spirituelle, et nous invite \u00e0 r\u00e9agir lucidement aux multiples impositions pour sauvegarder la libert\u00e9 personnelle int\u00e9rieure.<\/p>\n<!--themify_builder_content-->\n<div id=\"themify_builder_content-105451\" data-postid=\"105451\" class=\"themify_builder_content themify_builder_content-105451 themify_builder tf_clear\">\n    <\/div>\n<!--\/themify_builder_content-->\n","protected":false},"excerpt":{"rendered":"<p>Br\u00e8ve r\u00e9flexion du philosophe Jordi Pigem induite par les mesures adopt\u00e9es face au Covid-19 pour r\u00e9duire le microcosme&#8230;<\/p>\n","protected":false},"author":7,"featured_media":105430,"comment_status":"closed","ping_status":"closed","sticky":false,"template":"","format":"standard","meta":{"_acf_changed":false,"footnotes":""},"categories":[104,137],"tags":[259,277,382],"class_list":["post-105451","post","type-post","status-publish","format-standard","has-post-thumbnail","hentry","category-centre-de-documentation","category-reflexions-sur-la-science-et-la-spiritualite-fr","tag-cosmovision-fr","tag-ethique","tag-sante","has-post-title","has-post-date","has-post-category","has-post-tag","has-post-comment","has-post-author",""],"acf":[],"_links":{"self":[{"href":"https:\/\/www.silene.ong\/fr\/wp-json\/wp\/v2\/posts\/105451","targetHints":{"allow":["GET"]}}],"collection":[{"href":"https:\/\/www.silene.ong\/fr\/wp-json\/wp\/v2\/posts"}],"about":[{"href":"https:\/\/www.silene.ong\/fr\/wp-json\/wp\/v2\/types\/post"}],"author":[{"embeddable":true,"href":"https:\/\/www.silene.ong\/fr\/wp-json\/wp\/v2\/users\/7"}],"replies":[{"embeddable":true,"href":"https:\/\/www.silene.ong\/fr\/wp-json\/wp\/v2\/comments?post=105451"}],"version-history":[{"count":1,"href":"https:\/\/www.silene.ong\/fr\/wp-json\/wp\/v2\/posts\/105451\/revisions"}],"predecessor-version":[{"id":105452,"href":"https:\/\/www.silene.ong\/fr\/wp-json\/wp\/v2\/posts\/105451\/revisions\/105452"}],"wp:featuredmedia":[{"embeddable":true,"href":"https:\/\/www.silene.ong\/fr\/wp-json\/wp\/v2\/media\/105430"}],"wp:attachment":[{"href":"https:\/\/www.silene.ong\/fr\/wp-json\/wp\/v2\/media?parent=105451"}],"wp:term":[{"taxonomy":"category","embeddable":true,"href":"https:\/\/www.silene.ong\/fr\/wp-json\/wp\/v2\/categories?post=105451"},{"taxonomy":"post_tag","embeddable":true,"href":"https:\/\/www.silene.ong\/fr\/wp-json\/wp\/v2\/tags?post=105451"}],"curies":[{"name":"wp","href":"https:\/\/api.w.org\/{rel}","templated":true}]}}