{"id":107680,"date":"2021-09-28T09:45:52","date_gmt":"2021-09-28T08:45:52","guid":{"rendered":"https:\/\/www.silene.ong\/?p=107680"},"modified":"2021-11-05T17:03:02","modified_gmt":"2021-11-05T16:03:02","slug":"4eme-jornades-dart-natura-i-espiritualitat-a-farrera-pyrenees-catalans","status":"publish","type":"post","link":"https:\/\/www.silene.ong\/fr\/actualites\/4eme-jornades-dart-natura-i-espiritualitat-a-farrera-pyrenees-catalans","title":{"rendered":"4\u00e8me \u00ab\u00a0Jornades d&rsquo;Art, Natura i Espiritualitat\u00a0\u00bb aux Pyr\u00e9n\u00e9es catalans"},"content":{"rendered":"<p>Du 30 octobre au 1er novembre, les quatri\u00e8mes \u00ab\u00a0Jornades d&rsquo;Art, Natura i Espiritualitat\u00a0\u00bb se tiendra au <a href=\"https:\/\/farreracan.cat\/\" target=\"_blank\" rel=\"noopener\">Centre d&rsquo;Art i Natura<\/a>, au pit\u00f4resque village de Farrera, dans les Pyr\u00e9n\u00e9es catalans, co\u00efncidant avec le point culminant de la polychromie automnale des for\u00eats de feuillus qui l&rsquo;entourent. La devise de ces jours est \u00ab\u00a0La Terre est vivante, la beaut\u00e9 et son langage\u00a0\u00bb. Les intervenants seront : \u00c0ngels Canadell, Roger Canadell, D\u00eddac P. Lagarriga, Rosa Llop, Josep Ma\u00f1\u00e0, Martina Mil\u00e0, Noemi Nus et Xavier Perarnau. La langue des journ\u00e9es sera le catalan.\u00a0 Des \u0153uvres d&rsquo;art d&rsquo;Abu Ali et de Santi Moix y seront expos\u00e9es.<\/p>\n<p>R\u00e9servations et inscriptions \u00e0 : artinatura@farreracan.cat \/ web : http:\/\/farreracan.cat<\/p>\n<!--themify_builder_content-->\n<div id=\"themify_builder_content-107680\" data-postid=\"107680\" class=\"themify_builder_content themify_builder_content-107680 themify_builder tf_clear\">\n    <\/div>\n<!--\/themify_builder_content-->\n","protected":false},"excerpt":{"rendered":"<p>Du 30 octobre au 1er novembre, les quatri\u00e8mes \u00ab\u00a0Jornades d&rsquo;Art, Natura i Espiritualitat\u00a0\u00bb se tiendra au Centre d&rsquo;Art&#8230;<\/p>\n","protected":false},"author":7,"featured_media":109303,"comment_status":"closed","ping_status":"closed","sticky":false,"template":"","format":"standard","meta":{"_acf_changed":false,"footnotes":""},"categories":[131],"tags":[],"class_list":["post-107680","post","type-post","status-publish","format-standard","has-post-thumbnail","hentry","category-actualites","has-post-title","has-post-date","has-post-category","has-post-tag","has-post-comment","has-post-author",""],"acf":[],"_links":{"self":[{"href":"https:\/\/www.silene.ong\/fr\/wp-json\/wp\/v2\/posts\/107680","targetHints":{"allow":["GET"]}}],"collection":[{"href":"https:\/\/www.silene.ong\/fr\/wp-json\/wp\/v2\/posts"}],"about":[{"href":"https:\/\/www.silene.ong\/fr\/wp-json\/wp\/v2\/types\/post"}],"author":[{"embeddable":true,"href":"https:\/\/www.silene.ong\/fr\/wp-json\/wp\/v2\/users\/7"}],"replies":[{"embeddable":true,"href":"https:\/\/www.silene.ong\/fr\/wp-json\/wp\/v2\/comments?post=107680"}],"version-history":[{"count":16,"href":"https:\/\/www.silene.ong\/fr\/wp-json\/wp\/v2\/posts\/107680\/revisions"}],"predecessor-version":[{"id":109307,"href":"https:\/\/www.silene.ong\/fr\/wp-json\/wp\/v2\/posts\/107680\/revisions\/109307"}],"wp:featuredmedia":[{"embeddable":true,"href":"https:\/\/www.silene.ong\/fr\/wp-json\/wp\/v2\/media\/109303"}],"wp:attachment":[{"href":"https:\/\/www.silene.ong\/fr\/wp-json\/wp\/v2\/media?parent=107680"}],"wp:term":[{"taxonomy":"category","embeddable":true,"href":"https:\/\/www.silene.ong\/fr\/wp-json\/wp\/v2\/categories?post=107680"},{"taxonomy":"post_tag","embeddable":true,"href":"https:\/\/www.silene.ong\/fr\/wp-json\/wp\/v2\/tags?post=107680"}],"curies":[{"name":"wp","href":"https:\/\/api.w.org\/{rel}","templated":true}]}}