{"id":110547,"date":"2021-12-30T12:01:09","date_gmt":"2021-12-30T11:01:09","guid":{"rendered":"https:\/\/www.silene.ong\/?p=110547"},"modified":"2021-12-30T12:03:51","modified_gmt":"2021-12-30T11:03:51","slug":"desmond-tutu","status":"publish","type":"post","link":"https:\/\/www.silene.ong\/fr\/centre-de-documentation\/desmond-tutu","title":{"rendered":"Desmond Tutu"},"content":{"rendered":"<p>Pour lutter avec succ\u00e8s contre le changement climatique et r\u00e9parer les dommages que les civilisations industrielles ont caus\u00e9s \u00e0 la Terre, il faudra plus que de nouvelles technologies et de nouveaux m\u00e9canismes de march\u00e9. Cela n\u00e9cessitera une transformation fondamentale de nos relations avec la Nature. Nous ne sommes pas les ma\u00eetres de la Terre, habilit\u00e9s \u00e0 dominer et \u00e0 exploiter ses \u00abressources naturelles\u00bb \u00e0 nos propres fins \u00e9go\u00efstes, mais des participants privil\u00e9gi\u00e9s \u00e0 une communaut\u00e9 de vie merveilleuse et sacr\u00e9e. R\u00e9aliser cette transformation et cr\u00e9er des communaut\u00e9s humaines viables qui vivent harmonieusement au sein de la communaut\u00e9 terrestre n\u00e9cessitera une action engag\u00e9e et concert\u00e9e. La D\u00e9claration universelle des droits de la Terre-M\u00e8re appelle chacun de nous \u00e0 embrasser sa parent\u00e9 avec tous les \u00eatres de la communaut\u00e9 terrestre et \u00e0 reconna\u00eetre, respecter et d\u00e9fendre les droits de tous. Il est maintenant le moment de r\u00e9pondre \u00e0 cet appel.<\/p>\n<!--themify_builder_content-->\n<div id=\"themify_builder_content-110547\" data-postid=\"110547\" class=\"themify_builder_content themify_builder_content-110547 themify_builder tf_clear\">\n    <\/div>\n<!--\/themify_builder_content-->\n","protected":false},"excerpt":{"rendered":"<p>Pour lutter avec succ\u00e8s contre le changement climatique et r\u00e9parer les dommages que les civilisations industrielles ont caus\u00e9s&#8230;<\/p>\n","protected":false},"author":7,"featured_media":110533,"comment_status":"closed","ping_status":"closed","sticky":false,"template":"","format":"standard","meta":{"_acf_changed":false,"footnotes":""},"categories":[104,170],"tags":[310],"class_list":["post-110547","post","type-post","status-publish","format-standard","has-post-thumbnail","hentry","category-centre-de-documentation","category-citations-de-sagesse","tag-christianisme","has-post-title","has-post-date","has-post-category","has-post-tag","has-post-comment","has-post-author",""],"acf":[],"_links":{"self":[{"href":"https:\/\/www.silene.ong\/fr\/wp-json\/wp\/v2\/posts\/110547","targetHints":{"allow":["GET"]}}],"collection":[{"href":"https:\/\/www.silene.ong\/fr\/wp-json\/wp\/v2\/posts"}],"about":[{"href":"https:\/\/www.silene.ong\/fr\/wp-json\/wp\/v2\/types\/post"}],"author":[{"embeddable":true,"href":"https:\/\/www.silene.ong\/fr\/wp-json\/wp\/v2\/users\/7"}],"replies":[{"embeddable":true,"href":"https:\/\/www.silene.ong\/fr\/wp-json\/wp\/v2\/comments?post=110547"}],"version-history":[{"count":3,"href":"https:\/\/www.silene.ong\/fr\/wp-json\/wp\/v2\/posts\/110547\/revisions"}],"predecessor-version":[{"id":110550,"href":"https:\/\/www.silene.ong\/fr\/wp-json\/wp\/v2\/posts\/110547\/revisions\/110550"}],"wp:featuredmedia":[{"embeddable":true,"href":"https:\/\/www.silene.ong\/fr\/wp-json\/wp\/v2\/media\/110533"}],"wp:attachment":[{"href":"https:\/\/www.silene.ong\/fr\/wp-json\/wp\/v2\/media?parent=110547"}],"wp:term":[{"taxonomy":"category","embeddable":true,"href":"https:\/\/www.silene.ong\/fr\/wp-json\/wp\/v2\/categories?post=110547"},{"taxonomy":"post_tag","embeddable":true,"href":"https:\/\/www.silene.ong\/fr\/wp-json\/wp\/v2\/tags?post=110547"}],"curies":[{"name":"wp","href":"https:\/\/api.w.org\/{rel}","templated":true}]}}