{"id":110632,"date":"2022-01-06T20:39:06","date_gmt":"2022-01-06T19:39:06","guid":{"rendered":"https:\/\/www.silene.ong\/?p=110632"},"modified":"2022-01-06T20:39:06","modified_gmt":"2022-01-06T19:39:06","slug":"declaration-sikhiste-sur-lenvironnement","status":"publish","type":"post","link":"https:\/\/www.silene.ong\/fr\/non-classifiee\/declaration-sikhiste-sur-lenvironnement","title":{"rendered":"Declaration sikhiste sur l&rsquo;environnement"},"content":{"rendered":"<p>La d\u00e9claration aborde le sens de la crise \u00e9cologique mondiale, expose la solution du sikhisme, bas\u00e9e sur la compr\u00e9hension de l&rsquo;unit\u00e9 entre l&rsquo;esprit et la mati\u00e8re et l&rsquo;interconnexion de toute la cr\u00e9ation, dans un univers d&rsquo;innombrables galaxies ; il expose les id\u00e9aux sikhs, la n\u00e9cessit\u00e9 de la pratique de la philosophie et la discipline spirituelle, les institutions de Sangat, Pangat et Langar, l&rsquo;\u00e9galit\u00e9 des hommes et des femmes et le partage des ressources en commun.<\/p>\n<!--themify_builder_content-->\n<div id=\"themify_builder_content-110632\" data-postid=\"110632\" class=\"themify_builder_content themify_builder_content-110632 themify_builder tf_clear\">\n    <\/div>\n<!--\/themify_builder_content-->\n","protected":false},"excerpt":{"rendered":"<p>La d\u00e9claration aborde le sens de la crise \u00e9cologique mondiale, expose la solution du sikhisme, bas\u00e9e sur la&#8230;<\/p>\n","protected":false},"author":7,"featured_media":73460,"comment_status":"closed","ping_status":"closed","sticky":false,"template":"","format":"standard","meta":{"_acf_changed":false,"footnotes":""},"categories":[90],"tags":[],"class_list":["post-110632","post","type-post","status-publish","format-standard","has-post-thumbnail","hentry","category-non-classifiee","has-post-title","has-post-date","has-post-category","has-post-tag","has-post-comment","has-post-author",""],"acf":[],"_links":{"self":[{"href":"https:\/\/www.silene.ong\/fr\/wp-json\/wp\/v2\/posts\/110632","targetHints":{"allow":["GET"]}}],"collection":[{"href":"https:\/\/www.silene.ong\/fr\/wp-json\/wp\/v2\/posts"}],"about":[{"href":"https:\/\/www.silene.ong\/fr\/wp-json\/wp\/v2\/types\/post"}],"author":[{"embeddable":true,"href":"https:\/\/www.silene.ong\/fr\/wp-json\/wp\/v2\/users\/7"}],"replies":[{"embeddable":true,"href":"https:\/\/www.silene.ong\/fr\/wp-json\/wp\/v2\/comments?post=110632"}],"version-history":[{"count":2,"href":"https:\/\/www.silene.ong\/fr\/wp-json\/wp\/v2\/posts\/110632\/revisions"}],"predecessor-version":[{"id":110634,"href":"https:\/\/www.silene.ong\/fr\/wp-json\/wp\/v2\/posts\/110632\/revisions\/110634"}],"wp:featuredmedia":[{"embeddable":true,"href":"https:\/\/www.silene.ong\/fr\/wp-json\/"}],"wp:attachment":[{"href":"https:\/\/www.silene.ong\/fr\/wp-json\/wp\/v2\/media?parent=110632"}],"wp:term":[{"taxonomy":"category","embeddable":true,"href":"https:\/\/www.silene.ong\/fr\/wp-json\/wp\/v2\/categories?post=110632"},{"taxonomy":"post_tag","embeddable":true,"href":"https:\/\/www.silene.ong\/fr\/wp-json\/wp\/v2\/tags?post=110632"}],"curies":[{"name":"wp","href":"https:\/\/api.w.org\/{rel}","templated":true}]}}