{"id":112220,"date":"2022-04-23T12:05:37","date_gmt":"2022-04-23T10:05:37","guid":{"rendered":"https:\/\/www.silene.ong\/?p=112220"},"modified":"2022-07-05T17:05:01","modified_gmt":"2022-07-05T15:05:01","slug":"espacios-de-resistencia-y-activismo-espiritual-la-geoetica-como-etica-de-la-geosfera","status":"publish","type":"post","link":"https:\/\/www.silene.ong\/fr\/centre-de-documentation\/espacios-de-resistencia-y-activismo-espiritual-la-geoetica-como-etica-de-la-geosfera","title":{"rendered":"Espacios de resistencia y activismo espiritual. La Geo\u00e9tica como \u00e9tica de la Geosfera"},"content":{"rendered":"<p>Cet essai cherche \u00e0 stimuler la conscience de la spiritualit\u00e9, la dynamique de ce qui anime la relation entre l&rsquo;\u00eatre humain et la g\u00e9osph\u00e8re, qui inspire une conversion \u00e9cologique (<em>Laudato si&rsquo;<\/em> 216). Ce mysticisme \u00e9cologique est expos\u00e9 selon la m\u00e9thode p\u00e9dagogie ignatienne, c&rsquo;est-\u00e0-dire observer scientifiquement \u00e0 partir de l&rsquo;exp\u00e9rience crise sociale et environnementale mondiale, r\u00e9fl\u00e9chissant sur les valeurs g\u00e9o\u00e9thiques qui existent avec rapport \u00e0 la situation expos\u00e9e a interpr\u00e9t\u00e9 sa signification spirituelle \u00e0 partir du concept noosph\u00e8re, et enfin mettre en pratique les r\u00e9sultats de notre appr\u00e9hension de la situation avec des attitudes et des actions concr\u00e8tes. En d&rsquo;autres termes et suivant la th\u00e9orie de<br \/>\ninterpr\u00e9tation de P. Ricouer: expliquer par la raison, interpr\u00e9ter par l&rsquo;esprit selon les valeurs g\u00e9o\u00e9thiques et s&rsquo;appropriant une nouvelle compr\u00e9hension de la r\u00e9alit\u00e9, entrevoit une action ou une praxis qui est r\u00e9sistance dans l&rsquo;esp\u00e9rance, une action spirituelle qui g\u00e9n\u00e8re des espaces de r\u00e9sistance et un espoir porteur de justice spatiale.<\/p>\n","protected":false},"excerpt":{"rendered":"<p>Cet essai cherche \u00e0 stimuler la conscience de la spiritualit\u00e9, la dynamique de ce qui anime la relation&#8230;<\/p>\n","protected":false},"author":7,"featured_media":112211,"comment_status":"closed","ping_status":"closed","sticky":false,"template":"","format":"standard","meta":{"_acf_changed":false,"footnotes":""},"categories":[104,137],"tags":[310,277],"class_list":["post-112220","post","type-post","status-publish","format-standard","has-post-thumbnail","hentry","category-centre-de-documentation","category-reflexions-sur-la-science-et-la-spiritualite-fr","tag-christianisme","tag-ethique","has-post-title","has-post-date","has-post-category","has-post-tag","has-post-comment","has-post-author",""],"acf":[],"_links":{"self":[{"href":"https:\/\/www.silene.ong\/fr\/wp-json\/wp\/v2\/posts\/112220","targetHints":{"allow":["GET"]}}],"collection":[{"href":"https:\/\/www.silene.ong\/fr\/wp-json\/wp\/v2\/posts"}],"about":[{"href":"https:\/\/www.silene.ong\/fr\/wp-json\/wp\/v2\/types\/post"}],"author":[{"embeddable":true,"href":"https:\/\/www.silene.ong\/fr\/wp-json\/wp\/v2\/users\/7"}],"replies":[{"embeddable":true,"href":"https:\/\/www.silene.ong\/fr\/wp-json\/wp\/v2\/comments?post=112220"}],"version-history":[{"count":1,"href":"https:\/\/www.silene.ong\/fr\/wp-json\/wp\/v2\/posts\/112220\/revisions"}],"predecessor-version":[{"id":112221,"href":"https:\/\/www.silene.ong\/fr\/wp-json\/wp\/v2\/posts\/112220\/revisions\/112221"}],"wp:featuredmedia":[{"embeddable":true,"href":"https:\/\/www.silene.ong\/fr\/wp-json\/wp\/v2\/media\/112211"}],"wp:attachment":[{"href":"https:\/\/www.silene.ong\/fr\/wp-json\/wp\/v2\/media?parent=112220"}],"wp:term":[{"taxonomy":"category","embeddable":true,"href":"https:\/\/www.silene.ong\/fr\/wp-json\/wp\/v2\/categories?post=112220"},{"taxonomy":"post_tag","embeddable":true,"href":"https:\/\/www.silene.ong\/fr\/wp-json\/wp\/v2\/tags?post=112220"}],"curies":[{"name":"wp","href":"https:\/\/api.w.org\/{rel}","templated":true}]}}