{"id":114549,"date":"2022-09-30T18:22:19","date_gmt":"2022-09-30T16:22:19","guid":{"rendered":"https:\/\/www.silene.ong\/?p=114549"},"modified":"2023-01-03T20:30:17","modified_gmt":"2023-01-03T19:30:17","slug":"lintegration-du-patrimoine-immateriel-dans-les-aires-proteges-le-cas-de-la-rosette-sexifolieeexifolia","status":"publish","type":"post","link":"https:\/\/www.silene.ong\/fr\/actualites\/lintegration-du-patrimoine-immateriel-dans-les-aires-proteges-le-cas-de-la-rosette-sexifolieeexifolia","title":{"rendered":"L&rsquo;int\u00e9gration du patrimoine immat\u00e9riel dans les aires prot\u00e9g\u00e9s: le cas de la rosette hexafoli\u00e9e"},"content":{"rendered":"<p>Organis\u00e9e par l&rsquo;Association Silene, avec le soutien du Parc Naturel de l&rsquo;Alt Pirineu et de l&rsquo;Ecomus\u00e9e Valls d&rsquo;\u00c0neu, le 28 octobre 2022, une journ\u00e9e a eu lieu \u00e0 Esterri d&rsquo;\u00c0neu, Pyr\u00e9nes de la Catalogne, consacr\u00e9e \u00e0 l&rsquo;exploration de l&rsquo;int\u00e9gration du patrimoine immat\u00e9riel dans des espaces naturels prot\u00e9g\u00e9s, \u00e0 partir de l&rsquo;exemple de la rosette hexafoli\u00e9e, le logo du Parc Naturel de l&rsquo;Alt Pirineu.<\/p>\n<p>La journ\u00e9e, de nature technique, a eu la participation du directeur du Parc Naturel, Marc Garriga, du directeur de l&rsquo;Ecomus\u00e9e, Jordi Abella, et de professionnels, techniciens et personnes int\u00e9ress\u00e9es par le sujet, de la r\u00e9gion. L&rsquo;anthropologue J\u00falia Carrera et Josep Maria Mallarach, coordinateur de Silene, ont pr\u00e9sent\u00e9 des communications individuelles sur la rosette hexafoli\u00e9e, qui ont donn\u00e9 lieu \u00e0 des discussions anim\u00e9es. L&rsquo;apr\u00e8s-midi, une session participative a eu lieu, anim\u00e9e par Xavier Peranau (Silene), qui a permis de s&rsquo;accorder sur des conclusions et des propositions pour d\u00e9v\u00e9loper les an\u00e9es suivantes. La journ\u00e9e s&rsquo;est termin\u00e9e par une visite guid\u00e9e de plusieurs b\u00e2timents que l&rsquo;\u00e9comus\u00e9e Valls d&rsquo;\u00c0neu poss\u00e8de \u00e0 Esterri d&rsquo;\u00c0neu.<\/p>\n<p>Le lundi 19 d\u00e9cembre, Xavier Peranau et Josep Maria Mallarach ont pr\u00e9sent\u00e9 le r\u00e9sum\u00e9 de la journ\u00e9e dans un programme de diffusion scientifique num\u00e9rique du Parc naturel de l&rsquo;Alt Pirineu, dirig\u00e9 par Oriol Grau, auquel vous pouvez acc\u00e9der <a href=\"https:\/\/www.youtube.com\/watch?v=3M3ZuQjpF0w\" target=\"_blank\" rel=\"noopener\"> ici.<\/a><\/p>\n<p>Cette journ\u00e9e fut compl\u00e9ment\u00e9e par une autre, plus exp\u00e9rientielle, les samedi et dimanche suivants, au Centre d&rsquo;Art i Natura de Farrera : 5e Journ\u00e9es d&rsquo;art, de nature et de spiritualit\u00e9, qui avait pour devise :<a href=\"https:\/\/www.silene.ong\/fr\/actualites\/5emes-journees-dart-nature-et-spiritualite-a-farrera-pyrenes-catalans\" target=\"_blank\" rel=\"noopener\"> Images, urgences et symboles: \u00e0 propos de la rosette hexafoli\u00e9e<\/a><\/p>\n","protected":false},"excerpt":{"rendered":"<p>Organis\u00e9e par l&rsquo;Association Silene, avec le soutien du Parc Naturel de l&rsquo;Alt Pirineu et de l&rsquo;Ecomus\u00e9e Valls d&rsquo;\u00c0neu,&#8230;<\/p>\n","protected":false},"author":7,"featured_media":114582,"comment_status":"closed","ping_status":"closed","sticky":false,"template":"","format":"standard","meta":{"_acf_changed":false,"footnotes":""},"categories":[131,165],"tags":[],"class_list":["post-114549","post","type-post","status-publish","format-standard","has-post-thumbnail","hentry","category-actualites","category-formation-et-diffusion","has-post-title","has-post-date","has-post-category","has-post-tag","has-post-comment","has-post-author",""],"acf":[],"_links":{"self":[{"href":"https:\/\/www.silene.ong\/fr\/wp-json\/wp\/v2\/posts\/114549","targetHints":{"allow":["GET"]}}],"collection":[{"href":"https:\/\/www.silene.ong\/fr\/wp-json\/wp\/v2\/posts"}],"about":[{"href":"https:\/\/www.silene.ong\/fr\/wp-json\/wp\/v2\/types\/post"}],"author":[{"embeddable":true,"href":"https:\/\/www.silene.ong\/fr\/wp-json\/wp\/v2\/users\/7"}],"replies":[{"embeddable":true,"href":"https:\/\/www.silene.ong\/fr\/wp-json\/wp\/v2\/comments?post=114549"}],"version-history":[{"count":9,"href":"https:\/\/www.silene.ong\/fr\/wp-json\/wp\/v2\/posts\/114549\/revisions"}],"predecessor-version":[{"id":115663,"href":"https:\/\/www.silene.ong\/fr\/wp-json\/wp\/v2\/posts\/114549\/revisions\/115663"}],"wp:featuredmedia":[{"embeddable":true,"href":"https:\/\/www.silene.ong\/fr\/wp-json\/wp\/v2\/media\/114582"}],"wp:attachment":[{"href":"https:\/\/www.silene.ong\/fr\/wp-json\/wp\/v2\/media?parent=114549"}],"wp:term":[{"taxonomy":"category","embeddable":true,"href":"https:\/\/www.silene.ong\/fr\/wp-json\/wp\/v2\/categories?post=114549"},{"taxonomy":"post_tag","embeddable":true,"href":"https:\/\/www.silene.ong\/fr\/wp-json\/wp\/v2\/tags?post=114549"}],"curies":[{"name":"wp","href":"https:\/\/api.w.org\/{rel}","templated":true}]}}