{"id":118288,"date":"2023-03-27T21:24:30","date_gmt":"2023-03-27T19:24:30","guid":{"rendered":"https:\/\/www.silene.ong\/?p=118288"},"modified":"2023-04-07T15:01:17","modified_gmt":"2023-04-07T13:01:17","slug":"comment-retablir-le-lien-spirituel-avec-la-nature","status":"publish","type":"post","link":"https:\/\/www.silene.ong\/fr\/actualites\/comment-retablir-le-lien-spirituel-avec-la-nature","title":{"rendered":"Comment retablir le lien spirituel avec la Nature ?"},"content":{"rendered":"<p>Le 18 mars, une nouvelle session du cycle \u00ab\u00a0<em>Pelegrinatge endins. D\u00e9u \u00e9s en tot<\/em>\u00a0\u00bb (P\u00e8lerinage int\u00e9rieur. Dieu est en tout) organis\u00e9 par la Fundaci\u00f3 Sant Sepulcre de Palera a eu lieu dans la salle culturelle du sanctuaire de Palera, au pied des Pren\u00e9es catalans. La session, dirig\u00e9e par Dioni Barragan, \u00e9tait compos\u00e9e de une conf\u00e9rence de Josep Maria Mallarach, pr\u00e9sident de l&rsquo;Association Silene, intitul\u00e9e \u00ab\u00a0Comment retablir le lien spirituel avec la Nature ?\u00a0\u00bb, un petit-d\u00e9jeuner partag\u00e9, une s\u00e9ance de chants et de silence dans l&rsquo;\u00e9glise romane, et un un temps finale pour des d\u00e9bats et des r\u00e9flexions. Une centaine de personnes ont particip\u00e9. Vous pouvez t\u00e9l\u00e9charger le r\u00e9sum\u00e9 de la conf\u00e9rence ci-dessous -en catalan.<\/p>\n","protected":false},"excerpt":{"rendered":"<p>Le 18 mars, une nouvelle session du cycle \u00ab\u00a0Pelegrinatge endins. D\u00e9u \u00e9s en tot\u00a0\u00bb (P\u00e8lerinage int\u00e9rieur. Dieu est&#8230;<\/p>\n","protected":false},"author":7,"featured_media":118274,"comment_status":"closed","ping_status":"closed","sticky":false,"template":"","format":"standard","meta":{"_acf_changed":false,"footnotes":""},"categories":[131],"tags":[302],"class_list":["post-118288","post","type-post","status-publish","format-standard","has-post-thumbnail","hentry","category-actualites","tag-valeurs-spirituels","has-post-title","has-post-date","has-post-category","has-post-tag","has-post-comment","has-post-author",""],"acf":[],"_links":{"self":[{"href":"https:\/\/www.silene.ong\/fr\/wp-json\/wp\/v2\/posts\/118288","targetHints":{"allow":["GET"]}}],"collection":[{"href":"https:\/\/www.silene.ong\/fr\/wp-json\/wp\/v2\/posts"}],"about":[{"href":"https:\/\/www.silene.ong\/fr\/wp-json\/wp\/v2\/types\/post"}],"author":[{"embeddable":true,"href":"https:\/\/www.silene.ong\/fr\/wp-json\/wp\/v2\/users\/7"}],"replies":[{"embeddable":true,"href":"https:\/\/www.silene.ong\/fr\/wp-json\/wp\/v2\/comments?post=118288"}],"version-history":[{"count":4,"href":"https:\/\/www.silene.ong\/fr\/wp-json\/wp\/v2\/posts\/118288\/revisions"}],"predecessor-version":[{"id":118872,"href":"https:\/\/www.silene.ong\/fr\/wp-json\/wp\/v2\/posts\/118288\/revisions\/118872"}],"wp:featuredmedia":[{"embeddable":true,"href":"https:\/\/www.silene.ong\/fr\/wp-json\/wp\/v2\/media\/118274"}],"wp:attachment":[{"href":"https:\/\/www.silene.ong\/fr\/wp-json\/wp\/v2\/media?parent=118288"}],"wp:term":[{"taxonomy":"category","embeddable":true,"href":"https:\/\/www.silene.ong\/fr\/wp-json\/wp\/v2\/categories?post=118288"},{"taxonomy":"post_tag","embeddable":true,"href":"https:\/\/www.silene.ong\/fr\/wp-json\/wp\/v2\/tags?post=118288"}],"curies":[{"name":"wp","href":"https:\/\/api.w.org\/{rel}","templated":true}]}}