{"id":119583,"date":"2023-05-26T13:23:54","date_gmt":"2023-05-26T11:23:54","guid":{"rendered":"https:\/\/www.silene.ong\/?p=119583"},"modified":"2023-05-26T18:30:22","modified_gmt":"2023-05-26T16:30:22","slug":"119583","status":"publish","type":"post","link":"https:\/\/www.silene.ong\/fr\/centre-de-documentation\/119583","title":{"rendered":"Natura i espiritualitat pels nostres temps"},"content":{"rendered":"<p><em>Eutopia<\/em> \u00e9tait un projet de spiritualit\u00e9 dans et avec la nature (\u00e9galement appel\u00e9 <em>monast\u00e8re de montagne<\/em>) que le pr\u00eatre catholique Joan Escales a d\u00e9velopp\u00e9 \u00e0 Enviny, son village natal du Pallars Sobir\u00e0 (Pyr\u00e9n\u00e9es catalans) du d\u00e9but des ann\u00e9es 1990 jusqu&rsquo;\u00e0 r\u00e9cemment avant sa mort (2019). \u00c0 l&rsquo;occasion de l&rsquo;anniversaire de son d\u00e9c\u00e8s, un livre col\u00b7lective a \u00e9t\u00e9 publi\u00e9 en catalan qui recueille et revendique son h\u00e9ritage.<\/p>\n<p>L&rsquo;\u00e9pilogue de l&rsquo;ouvrage, <em>Natura i espiritualitat pels nostres temps<\/em>, invite \u00e0 la re-sacralisation du monde et \u00e0 une transformation qui donne lieu \u00e0 une \u00ab\u00e9thique r\u00e9g\u00e9n\u00e9r\u00e9e sur une base spirituelle qui r\u00e9int\u00e8gre la Nature en son centre\u00bb. Il y a aussi un appel en faveur du maintien et de la multiplication de projets ancr\u00e9s dans le territoire, comme <em>Eutopia<\/em>, qui cultivent une relation \u00e9troite entre les personnes, leur environnement et leur spiritualit\u00e9.<\/p>\n","protected":false},"excerpt":{"rendered":"<p>Eutopia \u00e9tait un projet de spiritualit\u00e9 dans et avec la nature (\u00e9galement appel\u00e9 monast\u00e8re de montagne) que le&#8230;<\/p>\n","protected":false},"author":9,"featured_media":119557,"comment_status":"closed","ping_status":"closed","sticky":false,"template":"","format":"standard","meta":{"_acf_changed":false,"footnotes":""},"categories":[104,140],"tags":[259,277],"class_list":["post-119583","post","type-post","status-publish","format-standard","has-post-thumbnail","hentry","category-centre-de-documentation","category-reflexions-sur-la-nature-et-la-spiritualite","tag-cosmovision-fr","tag-ethique","has-post-title","has-post-date","has-post-category","has-post-tag","has-post-comment","has-post-author",""],"acf":[],"_links":{"self":[{"href":"https:\/\/www.silene.ong\/fr\/wp-json\/wp\/v2\/posts\/119583","targetHints":{"allow":["GET"]}}],"collection":[{"href":"https:\/\/www.silene.ong\/fr\/wp-json\/wp\/v2\/posts"}],"about":[{"href":"https:\/\/www.silene.ong\/fr\/wp-json\/wp\/v2\/types\/post"}],"author":[{"embeddable":true,"href":"https:\/\/www.silene.ong\/fr\/wp-json\/wp\/v2\/users\/9"}],"replies":[{"embeddable":true,"href":"https:\/\/www.silene.ong\/fr\/wp-json\/wp\/v2\/comments?post=119583"}],"version-history":[{"count":5,"href":"https:\/\/www.silene.ong\/fr\/wp-json\/wp\/v2\/posts\/119583\/revisions"}],"predecessor-version":[{"id":119591,"href":"https:\/\/www.silene.ong\/fr\/wp-json\/wp\/v2\/posts\/119583\/revisions\/119591"}],"wp:featuredmedia":[{"embeddable":true,"href":"https:\/\/www.silene.ong\/fr\/wp-json\/wp\/v2\/media\/119557"}],"wp:attachment":[{"href":"https:\/\/www.silene.ong\/fr\/wp-json\/wp\/v2\/media?parent=119583"}],"wp:term":[{"taxonomy":"category","embeddable":true,"href":"https:\/\/www.silene.ong\/fr\/wp-json\/wp\/v2\/categories?post=119583"},{"taxonomy":"post_tag","embeddable":true,"href":"https:\/\/www.silene.ong\/fr\/wp-json\/wp\/v2\/tags?post=119583"}],"curies":[{"name":"wp","href":"https:\/\/api.w.org\/{rel}","templated":true}]}}