{"id":120141,"date":"2023-06-15T12:07:12","date_gmt":"2023-06-15T10:07:12","guid":{"rendered":"https:\/\/www.silene.ong\/?p=120141"},"modified":"2023-06-19T10:39:14","modified_gmt":"2023-06-19T08:39:14","slug":"deuxieme-festival-de-la-beaute-a-beget","status":"publish","type":"post","link":"https:\/\/www.silene.ong\/fr\/actualites\/deuxieme-festival-de-la-beaute-a-beget","title":{"rendered":"Deuxi\u00e8me festival de la beaut\u00e9 \u00e0 Beget"},"content":{"rendered":"<p>Le samedi 1er juillet, le IIe Festival de la beaut\u00e9 aura lieu dans le village de Beget, dans l&rsquo;aire prot\u00e9g\u00e9e de l&rsquo;Alta Garrotxa (Pyr\u00e9n\u00e9es catalans), dont la devise est \u00ab\u00a0La perception de la beaut\u00e9\u00a0\u00bb. Avec la combinaison de langages d\u00e9j\u00e0 \u00e9tablie dans la premi\u00e8re \u00e9dition, le programme de la journ\u00e9e comprend plusieurs conversations avec Teresa Forcades, Beatriz Calvo, Ramon Andr\u00e9s, Maria Belmonte, Joan Nogu\u00e9 et Esteve Serra, une promenade dans la nature guid\u00e9e par Daniel Mart\u00ednez et Xisca Acu\u00f1a, une exposition photographique d&rsquo;Esteve Serra. et duex interpr\u00e9tations musicales: le duo classique Bea Andr\u00e9s et Ariadna Rodr\u00edguez,\u00a0 et un concert de blues-jazz-swing par Oscar Wolf. Le festival commence \u00e0 11h30 et se termine \u00e0 23h.<\/p>\n","protected":false},"excerpt":{"rendered":"<p>Le samedi 1er juillet, le IIe Festival de la beaut\u00e9 aura lieu dans le village de Beget, dans&#8230;<\/p>\n","protected":false},"author":7,"featured_media":120157,"comment_status":"closed","ping_status":"closed","sticky":false,"template":"","format":"standard","meta":{"_acf_changed":false,"footnotes":""},"categories":[131],"tags":[378,247,259],"class_list":["post-120141","post","type-post","status-publish","format-standard","has-post-thumbnail","hentry","category-actualites","tag-art-fr","tag-communautes-locales","tag-cosmovision-fr","has-post-title","has-post-date","has-post-category","has-post-tag","has-post-comment","has-post-author",""],"acf":[],"_links":{"self":[{"href":"https:\/\/www.silene.ong\/fr\/wp-json\/wp\/v2\/posts\/120141","targetHints":{"allow":["GET"]}}],"collection":[{"href":"https:\/\/www.silene.ong\/fr\/wp-json\/wp\/v2\/posts"}],"about":[{"href":"https:\/\/www.silene.ong\/fr\/wp-json\/wp\/v2\/types\/post"}],"author":[{"embeddable":true,"href":"https:\/\/www.silene.ong\/fr\/wp-json\/wp\/v2\/users\/7"}],"replies":[{"embeddable":true,"href":"https:\/\/www.silene.ong\/fr\/wp-json\/wp\/v2\/comments?post=120141"}],"version-history":[{"count":5,"href":"https:\/\/www.silene.ong\/fr\/wp-json\/wp\/v2\/posts\/120141\/revisions"}],"predecessor-version":[{"id":120183,"href":"https:\/\/www.silene.ong\/fr\/wp-json\/wp\/v2\/posts\/120141\/revisions\/120183"}],"wp:featuredmedia":[{"embeddable":true,"href":"https:\/\/www.silene.ong\/fr\/wp-json\/wp\/v2\/media\/120157"}],"wp:attachment":[{"href":"https:\/\/www.silene.ong\/fr\/wp-json\/wp\/v2\/media?parent=120141"}],"wp:term":[{"taxonomy":"category","embeddable":true,"href":"https:\/\/www.silene.ong\/fr\/wp-json\/wp\/v2\/categories?post=120141"},{"taxonomy":"post_tag","embeddable":true,"href":"https:\/\/www.silene.ong\/fr\/wp-json\/wp\/v2\/tags?post=120141"}],"curies":[{"name":"wp","href":"https:\/\/api.w.org\/{rel}","templated":true}]}}