{"id":120836,"date":"2023-07-12T18:13:19","date_gmt":"2023-07-12T16:13:19","guid":{"rendered":"https:\/\/www.silene.ong\/?p=120836"},"modified":"2023-07-17T18:28:13","modified_gmt":"2023-07-17T16:28:13","slug":"120836","status":"publish","type":"post","link":"https:\/\/www.silene.ong\/fr\/actualites\/120836","title":{"rendered":"Valeurs cultures et spirituels de la montagne dans le cours IPROMO"},"content":{"rendered":"<p>Le <a href=\"https:\/\/www.fao.org\/mountain-partnership\/en\/\" target=\"_blank\" rel=\"noopener\">Mountain Partnership<\/a>, une alliance volontaire internationale, op\u00e9rant dans le cadre de la FAO, d\u00e9di\u00e9e \u00e0 l&rsquo;am\u00e9lioration de la vie des populations montagnardes et \u00e0 la protection de leur environnement, organise un cours international en juillet, sous le slogan \u00ab\u00a0La jeunesse et l&rsquo;avenir des for\u00eats de montagne\u00a0\u00bb dans les communes alpines de Pieve Ticino et Ormea, dans la r\u00e9gion italienne du Pi\u00e9mont. L&rsquo;atelier du 21, consacr\u00e9 aux valeurs culturelles et spirituelles de la nature dans la gestion et la gouvernance des montagnes, sera dirig\u00e9 par le Groupe de sp\u00e9cialistes sur les valeurs culturelles et spirituelles des aires prot\u00e9g\u00e9es, de la UICN, repr\u00e9sent\u00e9 par le Dr Josep Maria Mallarach, pr\u00e9sident de l&rsquo;association Sil\u00e8ne.<\/p>\n<p>Vous pouvez acc\u00e9der au programme <a href=\"https:\/\/www.fao.org\/mountain-partnership\/our-work\/capacitydevelopment\/ipromo\/course-2023\/lectures\/en\/?fbclid=IwAR3HXUmyat9Jwa0fg0kVHNjneHpFwwWEd9eQTb79ST18RC2CI7uF6TzQehE\" target=\"_blank\" rel=\"noopener\">ici.<\/a><\/p>\n","protected":false},"excerpt":{"rendered":"<p>Le Mountain Partnership, une alliance volontaire internationale, op\u00e9rant dans le cadre de la FAO, d\u00e9di\u00e9e \u00e0 l&rsquo;am\u00e9lioration de&#8230;<\/p>\n","protected":false},"author":7,"featured_media":120812,"comment_status":"closed","ping_status":"closed","sticky":false,"template":"","format":"standard","meta":{"_acf_changed":false,"footnotes":""},"categories":[131],"tags":[247,259,277],"class_list":["post-120836","post","type-post","status-publish","format-standard","has-post-thumbnail","hentry","category-actualites","tag-communautes-locales","tag-cosmovision-fr","tag-ethique","has-post-title","has-post-date","has-post-category","has-post-tag","has-post-comment","has-post-author",""],"acf":[],"_links":{"self":[{"href":"https:\/\/www.silene.ong\/fr\/wp-json\/wp\/v2\/posts\/120836","targetHints":{"allow":["GET"]}}],"collection":[{"href":"https:\/\/www.silene.ong\/fr\/wp-json\/wp\/v2\/posts"}],"about":[{"href":"https:\/\/www.silene.ong\/fr\/wp-json\/wp\/v2\/types\/post"}],"author":[{"embeddable":true,"href":"https:\/\/www.silene.ong\/fr\/wp-json\/wp\/v2\/users\/7"}],"replies":[{"embeddable":true,"href":"https:\/\/www.silene.ong\/fr\/wp-json\/wp\/v2\/comments?post=120836"}],"version-history":[{"count":8,"href":"https:\/\/www.silene.ong\/fr\/wp-json\/wp\/v2\/posts\/120836\/revisions"}],"predecessor-version":[{"id":120845,"href":"https:\/\/www.silene.ong\/fr\/wp-json\/wp\/v2\/posts\/120836\/revisions\/120845"}],"wp:featuredmedia":[{"embeddable":true,"href":"https:\/\/www.silene.ong\/fr\/wp-json\/wp\/v2\/media\/120812"}],"wp:attachment":[{"href":"https:\/\/www.silene.ong\/fr\/wp-json\/wp\/v2\/media?parent=120836"}],"wp:term":[{"taxonomy":"category","embeddable":true,"href":"https:\/\/www.silene.ong\/fr\/wp-json\/wp\/v2\/categories?post=120836"},{"taxonomy":"post_tag","embeddable":true,"href":"https:\/\/www.silene.ong\/fr\/wp-json\/wp\/v2\/tags?post=120836"}],"curies":[{"name":"wp","href":"https:\/\/api.w.org\/{rel}","templated":true}]}}