{"id":124241,"date":"2024-01-27T19:39:05","date_gmt":"2024-01-27T18:39:05","guid":{"rendered":"https:\/\/www.silene.ong\/?p=124241"},"modified":"2024-01-27T19:39:05","modified_gmt":"2024-01-27T18:39:05","slug":"ecologie-et-creation-contributions-contemporaines-du-christianisme-aux-defis-ecologiques-mondiaux","status":"publish","type":"post","link":"https:\/\/www.silene.ong\/fr\/actualites\/ecologie-et-creation-contributions-contemporaines-du-christianisme-aux-defis-ecologiques-mondiaux","title":{"rendered":"Ecologie et cr\u00e9ation. Contributions contemporaines du christianisme aux d\u00e9fis \u00e9cologiques mondiaux"},"content":{"rendered":"<p>S\u00e9ance du matin au monast\u00e8re royale de Santa Maria de Pedralbes, Barcelone (Catalogne), le samedi 10 f\u00e9vrier, \u00e0 10 heures. La s\u00e9ance comprendra les quatre pr\u00e9sentations suivantes: \u00abFondements th\u00e9ologiques orthodoxes sur la cr\u00e9ation\u00bb par l&rsquo;archipr\u00eatre Stavrophor Joan; \u00ab\u00a0R\u00e9ponses \u00e9cologiques du point de vue orthodoxe\u00a0\u00bb par Josep Maria Mallarach; \u00ab\u00a0T\u00e9moignage du monast\u00e8re de Solan, un projet agro-\u00e9cologique\u00a0\u00bb par Eul\u00e0lia Sadurn\u00ed; et \u00ab\u00a0Ecologie int\u00e9grale et survie, contributions d&rsquo;autres \u00e9glises chr\u00e9tiennes\u00a0\u00bb par les Dr. Antoni Matabosc<\/p>\n<p>Elle sera suivie d&rsquo;un dialogue-colloque mod\u00e9r\u00e9 par Joan Richardson et se terminera par la pr\u00e9sentation du premier fascicule de la collection : \u00ab\u00c9cologie et cr\u00e9ation, une petite anthologie des r\u00e9ponses orthodoxes contemporaines \u00e0 la crise \u00e9cologique mondiale\u00bb.\u00a0 Toute la s\u00e9cance se d\u00e9roulera en catalan.<\/p>\n<p>Une inscription pr\u00e9alable est requise &gt;\u00a0 jcarbo@fundacioortodoxia.com<\/p>\n<p>Voir le programme complet dessous.<\/p>\n","protected":false},"excerpt":{"rendered":"<p>S\u00e9ance du matin au monast\u00e8re royale de Santa Maria de Pedralbes, Barcelone (Catalogne), le samedi 10 f\u00e9vrier, \u00e0&#8230;<\/p>\n","protected":false},"author":7,"featured_media":124236,"comment_status":"closed","ping_status":"closed","sticky":false,"template":"","format":"standard","meta":{"_acf_changed":false,"footnotes":""},"categories":[131],"tags":[],"class_list":["post-124241","post","type-post","status-publish","format-standard","has-post-thumbnail","hentry","category-actualites","has-post-title","has-post-date","has-post-category","has-post-tag","has-post-comment","has-post-author",""],"acf":[],"_links":{"self":[{"href":"https:\/\/www.silene.ong\/fr\/wp-json\/wp\/v2\/posts\/124241","targetHints":{"allow":["GET"]}}],"collection":[{"href":"https:\/\/www.silene.ong\/fr\/wp-json\/wp\/v2\/posts"}],"about":[{"href":"https:\/\/www.silene.ong\/fr\/wp-json\/wp\/v2\/types\/post"}],"author":[{"embeddable":true,"href":"https:\/\/www.silene.ong\/fr\/wp-json\/wp\/v2\/users\/7"}],"replies":[{"embeddable":true,"href":"https:\/\/www.silene.ong\/fr\/wp-json\/wp\/v2\/comments?post=124241"}],"version-history":[{"count":1,"href":"https:\/\/www.silene.ong\/fr\/wp-json\/wp\/v2\/posts\/124241\/revisions"}],"predecessor-version":[{"id":124242,"href":"https:\/\/www.silene.ong\/fr\/wp-json\/wp\/v2\/posts\/124241\/revisions\/124242"}],"wp:featuredmedia":[{"embeddable":true,"href":"https:\/\/www.silene.ong\/fr\/wp-json\/wp\/v2\/media\/124236"}],"wp:attachment":[{"href":"https:\/\/www.silene.ong\/fr\/wp-json\/wp\/v2\/media?parent=124241"}],"wp:term":[{"taxonomy":"category","embeddable":true,"href":"https:\/\/www.silene.ong\/fr\/wp-json\/wp\/v2\/categories?post=124241"},{"taxonomy":"post_tag","embeddable":true,"href":"https:\/\/www.silene.ong\/fr\/wp-json\/wp\/v2\/tags?post=124241"}],"curies":[{"name":"wp","href":"https:\/\/api.w.org\/{rel}","templated":true}]}}