{"id":124531,"date":"2024-03-03T19:14:34","date_gmt":"2024-03-03T18:14:34","guid":{"rendered":"https:\/\/www.silene.ong\/?p=124531"},"modified":"2024-03-27T17:11:37","modified_gmt":"2024-03-27T16:11:37","slug":"matthieu-labonne-la-voie-de-lecologie-spirituelle","status":"publish","type":"post","link":"https:\/\/www.silene.ong\/fr\/centre-de-documentation\/matthieu-labonne-la-voie-de-lecologie-spirituelle","title":{"rendered":"La voie de l&rsquo;\u00e9cologie spirituelle"},"content":{"rendered":"<p>Ancien chercheur au Centre National de la Recherche Scientifique (CNRS) en climatologie, puis directeur de l&rsquo;association Colibris, Mathieu Labonne est aujourd&rsquo;hui pr\u00e9sident de la Coop\u00e9rative Oasis, fondateur de l&rsquo;\u00e9cohameau du Plessis et coordinateur du centre Amma en Eure-et-Loir. Dans cette interview, Myriam (Envie de Sagesse) explique son parcours personnel qui l&rsquo;a amen\u00e9e \u00e0 choisir les options qui l&rsquo;ont amen\u00e9e l\u00e0 o\u00f9 elle en est aujourd&rsquo;hui. Dans son livre \u00ab Servir le monde. La voie de l&rsquo;\u00e9cologie spirituelle \u00bb (Ed. Tana, 2022), Matthieu Labonne explore les chemins de la sagesse et des actions qui concilient l&rsquo;approche holistique de l&rsquo;\u00eatre humain, de la soci\u00e9t\u00e9 et de votre environnement.<\/p>\n","protected":false},"excerpt":{"rendered":"<p>Ancien chercheur au Centre National de la Recherche Scientifique (CNRS) en climatologie, puis directeur de l&rsquo;association Colibris, Mathieu&#8230;<\/p>\n","protected":false},"author":7,"featured_media":124526,"comment_status":"closed","ping_status":"closed","sticky":false,"template":"","format":"standard","meta":{"_acf_changed":false,"footnotes":""},"categories":[104,172],"tags":[],"class_list":["post-124531","post","type-post","status-publish","format-standard","has-post-thumbnail","hentry","category-centre-de-documentation","category-videographes","has-post-title","has-post-date","has-post-category","has-post-tag","has-post-comment","has-post-author",""],"acf":[],"_links":{"self":[{"href":"https:\/\/www.silene.ong\/fr\/wp-json\/wp\/v2\/posts\/124531","targetHints":{"allow":["GET"]}}],"collection":[{"href":"https:\/\/www.silene.ong\/fr\/wp-json\/wp\/v2\/posts"}],"about":[{"href":"https:\/\/www.silene.ong\/fr\/wp-json\/wp\/v2\/types\/post"}],"author":[{"embeddable":true,"href":"https:\/\/www.silene.ong\/fr\/wp-json\/wp\/v2\/users\/7"}],"replies":[{"embeddable":true,"href":"https:\/\/www.silene.ong\/fr\/wp-json\/wp\/v2\/comments?post=124531"}],"version-history":[{"count":3,"href":"https:\/\/www.silene.ong\/fr\/wp-json\/wp\/v2\/posts\/124531\/revisions"}],"predecessor-version":[{"id":124643,"href":"https:\/\/www.silene.ong\/fr\/wp-json\/wp\/v2\/posts\/124531\/revisions\/124643"}],"wp:featuredmedia":[{"embeddable":true,"href":"https:\/\/www.silene.ong\/fr\/wp-json\/wp\/v2\/media\/124526"}],"wp:attachment":[{"href":"https:\/\/www.silene.ong\/fr\/wp-json\/wp\/v2\/media?parent=124531"}],"wp:term":[{"taxonomy":"category","embeddable":true,"href":"https:\/\/www.silene.ong\/fr\/wp-json\/wp\/v2\/categories?post=124531"},{"taxonomy":"post_tag","embeddable":true,"href":"https:\/\/www.silene.ong\/fr\/wp-json\/wp\/v2\/tags?post=124531"}],"curies":[{"name":"wp","href":"https:\/\/api.w.org\/{rel}","templated":true}]}}