{"id":124822,"date":"2024-05-01T12:18:02","date_gmt":"2024-05-01T10:18:02","guid":{"rendered":"https:\/\/www.silene.ong\/?p=124822"},"modified":"2024-05-06T17:27:06","modified_gmt":"2024-05-06T15:27:06","slug":"journee-sur-leau-ses-valeus-et-symbolisme","status":"publish","type":"post","link":"https:\/\/www.silene.ong\/fr\/actualites\/journee-sur-leau-ses-valeus-et-symbolisme","title":{"rendered":"Eau &#8211; Vie. Journ\u00e9e sur la sant\u00e9, valeurs et symbolisme de l&rsquo;Eau"},"content":{"rendered":"<p>Le samedi 18 mai \u00e0 16 heures, aura lieu \u00e0 Sant Joan les Fonts, Catalogne, la quatri\u00e8me journ\u00e9e du Cycle sur \u00ab\u00a0Sant\u00e9, valeurs et symbolique des \u00e9l\u00e9ments de la Nature\u00a0\u00bb, organis\u00e9 par l&rsquo;Association Silene.<\/p>\n<p>Cette s\u00e9ance, en plein printemps, sera d\u00e9di\u00e9e \u00e0 l&rsquo;\u00e9l\u00e9ment Eau, ses liens avec la Vie et son symbolisme. Il y aura des intervenants : Josep Maria Mallarach, g\u00e9ologue, parlera des sources, des rivi\u00e8res, des aquif\u00e8res et de leur symbolisme ; Ortrud Lindemann, m\u00e9decin de famille, parlera de la naissance et de la vie lors d&rsquo;une conversation avec les participants. S&rsquo;en suivra une promenade po\u00e9tique-musicale, autour du ruisseu de Verlets jusqu&rsquo;au confluent du fleuve Fluvi\u00e0 avec la rivi\u00e8re de Bianya, anim\u00e9e par Laura de Castellet et les membres de Silene.<\/p>\n<p>Voir le programme ci-dessous. Les places sont limit\u00e9es.<\/p>\n<p>Une inscription pr\u00e9alable est requise : info@silene.ong<\/p>\n","protected":false},"excerpt":{"rendered":"<p>Le samedi 18 mai \u00e0 16 heures, aura lieu \u00e0 Sant Joan les Fonts, Catalogne, la quatri\u00e8me journ\u00e9e&#8230;<\/p>\n","protected":false},"author":7,"featured_media":124830,"comment_status":"closed","ping_status":"closed","sticky":false,"template":"","format":"standard","meta":{"_acf_changed":false,"footnotes":""},"categories":[131],"tags":[259,427,433,277,382],"class_list":["post-124822","post","type-post","status-publish","format-standard","has-post-thumbnail","hentry","category-actualites","tag-cosmovision-fr","tag-declaracions-de-silene","tag-declaracions-de-silene-fr","tag-ethique","tag-sante","has-post-title","has-post-date","has-post-category","has-post-tag","has-post-comment","has-post-author",""],"acf":[],"_links":{"self":[{"href":"https:\/\/www.silene.ong\/fr\/wp-json\/wp\/v2\/posts\/124822","targetHints":{"allow":["GET"]}}],"collection":[{"href":"https:\/\/www.silene.ong\/fr\/wp-json\/wp\/v2\/posts"}],"about":[{"href":"https:\/\/www.silene.ong\/fr\/wp-json\/wp\/v2\/types\/post"}],"author":[{"embeddable":true,"href":"https:\/\/www.silene.ong\/fr\/wp-json\/wp\/v2\/users\/7"}],"replies":[{"embeddable":true,"href":"https:\/\/www.silene.ong\/fr\/wp-json\/wp\/v2\/comments?post=124822"}],"version-history":[{"count":6,"href":"https:\/\/www.silene.ong\/fr\/wp-json\/wp\/v2\/posts\/124822\/revisions"}],"predecessor-version":[{"id":124906,"href":"https:\/\/www.silene.ong\/fr\/wp-json\/wp\/v2\/posts\/124822\/revisions\/124906"}],"wp:featuredmedia":[{"embeddable":true,"href":"https:\/\/www.silene.ong\/fr\/wp-json\/wp\/v2\/media\/124830"}],"wp:attachment":[{"href":"https:\/\/www.silene.ong\/fr\/wp-json\/wp\/v2\/media?parent=124822"}],"wp:term":[{"taxonomy":"category","embeddable":true,"href":"https:\/\/www.silene.ong\/fr\/wp-json\/wp\/v2\/categories?post=124822"},{"taxonomy":"post_tag","embeddable":true,"href":"https:\/\/www.silene.ong\/fr\/wp-json\/wp\/v2\/tags?post=124822"}],"curies":[{"name":"wp","href":"https:\/\/api.w.org\/{rel}","templated":true}]}}