{"id":126135,"date":"2024-11-09T19:45:15","date_gmt":"2024-11-09T18:45:15","guid":{"rendered":"https:\/\/www.silene.ong\/?p=126135"},"modified":"2024-11-26T19:47:14","modified_gmt":"2024-11-26T18:47:14","slug":"table-ronde-nouvelle-culture-de-leau-au-flleuve-fluvia","status":"publish","type":"post","link":"https:\/\/www.silene.ong\/fr\/actualites\/table-ronde-nouvelle-culture-de-leau-au-flleuve-fluvia","title":{"rendered":"Table ronde Nouvelle Culture de l&rsquo;Eau au flleuve Fluvi\u00e0"},"content":{"rendered":"<p>Le 8 novembre dernier, Laia Sadurn\u00ed a particip\u00e9 \u00e0 la table ronde Nouvelle Culture de l&rsquo;Eau, en tant que repr\u00e9sentante de l&rsquo;association Silene, pour discuter de la relation qu&rsquo;entretient la rivi\u00e8re Fluvi\u00e0 avec les valeurs spirituelles et notre sant\u00e9 int\u00e9grale. Mireia Jim\u00e9nez, hydrog\u00e9ologue du Centre pour la durabilit\u00e9 territoriale, Joan Montserrat, de l&rsquo;Association naturaliste et \u00e9cologiste de la Garrotxa, \u00c0ngel Posas, maire de Sant Miquel de Fluvi\u00e0, , ont \u00e9galement particip\u00e9. La table ronde a \u00e9t\u00e9 anim\u00e9 par Carla G\u00fcell, de la coop\u00e9rative Resilience Earth.<\/p>\n<p>Laia Sadurn\u00ed a expliqu\u00e9 le projet qu&rsquo;elle m\u00e8ne avec les Aires de Sant\u00e9 de Base de la Garrotxa et comment, \u00e0 travers le programme d&rsquo;immersions guid\u00e9es dans la nature, une relation saine s&rsquo;\u00e9tablit avec la rivi\u00e8re et son eau. Cette table de dialogue fait partie de l&rsquo;acc\u00e9l\u00e9rateur de projet Iltir Hub qui a pour th\u00e8me central le fleuve Fluvi\u00e0.<\/p>\n","protected":false},"excerpt":{"rendered":"<p>Le 8 novembre dernier, Laia Sadurn\u00ed a particip\u00e9 \u00e0 la table ronde Nouvelle Culture de l&rsquo;Eau, en tant&#8230;<\/p>\n","protected":false},"author":7,"featured_media":126760,"comment_status":"closed","ping_status":"closed","sticky":false,"template":"","format":"standard","meta":{"_acf_changed":false,"footnotes":""},"categories":[131],"tags":[271,382,402],"class_list":["post-126135","post","type-post","status-publish","format-standard","has-post-thumbnail","hentry","category-actualites","tag-education-environnementale","tag-sante","tag-sante-fr","has-post-title","has-post-date","has-post-category","has-post-tag","has-post-comment","has-post-author",""],"acf":[],"_links":{"self":[{"href":"https:\/\/www.silene.ong\/fr\/wp-json\/wp\/v2\/posts\/126135","targetHints":{"allow":["GET"]}}],"collection":[{"href":"https:\/\/www.silene.ong\/fr\/wp-json\/wp\/v2\/posts"}],"about":[{"href":"https:\/\/www.silene.ong\/fr\/wp-json\/wp\/v2\/types\/post"}],"author":[{"embeddable":true,"href":"https:\/\/www.silene.ong\/fr\/wp-json\/wp\/v2\/users\/7"}],"replies":[{"embeddable":true,"href":"https:\/\/www.silene.ong\/fr\/wp-json\/wp\/v2\/comments?post=126135"}],"version-history":[{"count":1,"href":"https:\/\/www.silene.ong\/fr\/wp-json\/wp\/v2\/posts\/126135\/revisions"}],"predecessor-version":[{"id":126136,"href":"https:\/\/www.silene.ong\/fr\/wp-json\/wp\/v2\/posts\/126135\/revisions\/126136"}],"wp:featuredmedia":[{"embeddable":true,"href":"https:\/\/www.silene.ong\/fr\/wp-json\/wp\/v2\/media\/126760"}],"wp:attachment":[{"href":"https:\/\/www.silene.ong\/fr\/wp-json\/wp\/v2\/media?parent=126135"}],"wp:term":[{"taxonomy":"category","embeddable":true,"href":"https:\/\/www.silene.ong\/fr\/wp-json\/wp\/v2\/categories?post=126135"},{"taxonomy":"post_tag","embeddable":true,"href":"https:\/\/www.silene.ong\/fr\/wp-json\/wp\/v2\/tags?post=126135"}],"curies":[{"name":"wp","href":"https:\/\/api.w.org\/{rel}","templated":true}]}}