{"id":126356,"date":"2024-12-28T10:31:27","date_gmt":"2024-12-28T09:31:27","guid":{"rendered":"https:\/\/www.silene.ong\/?p=126356"},"modified":"2024-12-28T10:31:27","modified_gmt":"2024-12-28T09:31:27","slug":"the-four-domains-model-connecting-spirituality-health-and-well-being","status":"publish","type":"post","link":"https:\/\/www.silene.ong\/fr\/centre-de-documentation\/the-four-domains-model-connecting-spirituality-health-and-well-being","title":{"rendered":"The Four Domains Model: Connecting Spirituality, Health and Well-Being"},"content":{"rendered":"<p>Au fond de nous-m\u00eames, les humains sont des \u00eatres spirituels. La spiritualit\u00e9 peut \u00eatre envisag\u00e9e de diverses mani\u00e8res, depuis la compr\u00e9hension traditionnelle de la spiritualit\u00e9 comme expression de la religiosit\u00e9, en qu\u00eate du sacr\u00e9, jusqu\u2019\u00e0 une vision humaniste de la spiritualit\u00e9 d\u00e9nu\u00e9e de religion. La sant\u00e9 est \u00e9galement multiforme, de plus en plus de preuves faisant \u00e9tat de la relation entre la spiritualit\u00e9 et le bien-\u00eatre physique, mental, \u00e9motionnel, social et professionnel. Cet article pr\u00e9sente la sant\u00e9 spirituelle comme une dimension fondamentale de la sant\u00e9 et du bien-\u00eatre g\u00e9n\u00e9ral, impr\u00e9gnant et int\u00e9grant toutes les autres dimensions de la sant\u00e9. La sant\u00e9 spirituelle est un \u00e9tat d\u2019\u00eatre dynamique, refl\u00e9t\u00e9 dans la qualit\u00e9 des relations que les personnes entretiennent dans jusqu\u2019\u00e0 quatre domaines du bien-\u00eatre spirituel : le domaine personnel o\u00f9 une personne est en relation avec elle-m\u00eame; le domaine communautaire, avec des relations interpersonnelles approfondies; le domaine environnemental, en connexion avec la nature ; le domaine transcendantal, en relation avec quelque chose ou quelqu\u2019un au-del\u00e0 du niveau humain. Le mod\u00e8le des quatre domaines de la sant\u00e9 et du bien-\u00eatre spirituels englobe toutes les visions du monde existantes, depuis la vision ardemment religieuse jusqu&rsquo;\u00e0 la vision rationaliste ath\u00e9e.<\/p>\n","protected":false},"excerpt":{"rendered":"<p>Au fond de nous-m\u00eames, les humains sont des \u00eatres spirituels. La spiritualit\u00e9 peut \u00eatre envisag\u00e9e de diverses mani\u00e8res,&#8230;<\/p>\n","protected":false},"author":7,"featured_media":126347,"comment_status":"closed","ping_status":"closed","sticky":false,"template":"","format":"standard","meta":{"_acf_changed":false,"footnotes":""},"categories":[104,140,137],"tags":[382],"class_list":["post-126356","post","type-post","status-publish","format-standard","has-post-thumbnail","hentry","category-centre-de-documentation","category-reflexions-sur-la-nature-et-la-spiritualite","category-reflexions-sur-la-science-et-la-spiritualite-fr","tag-sante","has-post-title","has-post-date","has-post-category","has-post-tag","has-post-comment","has-post-author",""],"acf":[],"_links":{"self":[{"href":"https:\/\/www.silene.ong\/fr\/wp-json\/wp\/v2\/posts\/126356","targetHints":{"allow":["GET"]}}],"collection":[{"href":"https:\/\/www.silene.ong\/fr\/wp-json\/wp\/v2\/posts"}],"about":[{"href":"https:\/\/www.silene.ong\/fr\/wp-json\/wp\/v2\/types\/post"}],"author":[{"embeddable":true,"href":"https:\/\/www.silene.ong\/fr\/wp-json\/wp\/v2\/users\/7"}],"replies":[{"embeddable":true,"href":"https:\/\/www.silene.ong\/fr\/wp-json\/wp\/v2\/comments?post=126356"}],"version-history":[{"count":1,"href":"https:\/\/www.silene.ong\/fr\/wp-json\/wp\/v2\/posts\/126356\/revisions"}],"predecessor-version":[{"id":126357,"href":"https:\/\/www.silene.ong\/fr\/wp-json\/wp\/v2\/posts\/126356\/revisions\/126357"}],"wp:featuredmedia":[{"embeddable":true,"href":"https:\/\/www.silene.ong\/fr\/wp-json\/wp\/v2\/media\/126347"}],"wp:attachment":[{"href":"https:\/\/www.silene.ong\/fr\/wp-json\/wp\/v2\/media?parent=126356"}],"wp:term":[{"taxonomy":"category","embeddable":true,"href":"https:\/\/www.silene.ong\/fr\/wp-json\/wp\/v2\/categories?post=126356"},{"taxonomy":"post_tag","embeddable":true,"href":"https:\/\/www.silene.ong\/fr\/wp-json\/wp\/v2\/tags?post=126356"}],"curies":[{"name":"wp","href":"https:\/\/api.w.org\/{rel}","templated":true}]}}