{"id":127892,"date":"2025-10-17T19:21:24","date_gmt":"2025-10-17T17:21:24","guid":{"rendered":"https:\/\/www.silene.ong\/?p=127892"},"modified":"2025-10-17T19:21:50","modified_gmt":"2025-10-17T17:21:50","slug":"journee-terra-arrel","status":"publish","type":"post","link":"https:\/\/www.silene.ong\/fr\/actualites\/journee-terra-arrel","title":{"rendered":"Journ\u00e9e \u00ab\u00a0Terra &#8211; Arrel\u00a0\u00bb"},"content":{"rendered":"<p>Le samedi 25 octobre aura lieu la derni\u00e8re s\u00e9ance du cycle consacr\u00e9 \u00e0 l&rsquo;exploration des liens entre nature et sant\u00e9, dans leurs dimensions physique, psychique et spirituelle. Organis\u00e9e par l&rsquo;association Silene, en collaboration avec la mairie de Vall de Bianya, elle vise \u00e0 d\u00e9montrer l&rsquo;interd\u00e9pendance de notre sant\u00e9 avec celle de la Terre. Cette s\u00e9ance, consacr\u00e9e \u00e0 l&rsquo;\u00e9l\u00e9ment TERRE, se d\u00e9roulera en premi\u00e8re partie au centre civique, avec Josep Maria Mallarach, qui abordera le symbolisme de la terre et des racines, et Jordi Miralles, qui abordera les fun\u00e9railles naturelles. En deuxi\u00e8me partie, l&rsquo;artiste Sandra Florence interpr\u00e9tera \u00ab\u00a0Chants d&rsquo;amour et de louange\u00a0\u00bb tir\u00e9s du Livre rouge de Montserrat, accompagn\u00e9e \u00e0 la harpe, dans l&rsquo;\u00e9glise romane de Sant Salvador de Bianya. L&rsquo;\u00e9v\u00e9nement d\u00e9butera \u00e0 10\u00a0h et se terminera par un ap\u00e9ritif et une discussion avec tous les participants.<\/p>\n<p>Pour vous inscrire, veuillez cliquer ici.<\/p>\n","protected":false},"excerpt":{"rendered":"<p>Le samedi 25 octobre aura lieu la derni\u00e8re s\u00e9ance du cycle consacr\u00e9 \u00e0 l&rsquo;exploration des liens entre nature&#8230;<\/p>\n","protected":false},"author":7,"featured_media":127877,"comment_status":"closed","ping_status":"closed","sticky":false,"template":"","format":"standard","meta":{"_acf_changed":false,"footnotes":""},"categories":[131],"tags":[259,382,402],"class_list":["post-127892","post","type-post","status-publish","format-standard","has-post-thumbnail","hentry","category-actualites","tag-cosmovision-fr","tag-sante","tag-sante-fr","has-post-title","has-post-date","has-post-category","has-post-tag","has-post-comment","has-post-author",""],"acf":[],"_links":{"self":[{"href":"https:\/\/www.silene.ong\/fr\/wp-json\/wp\/v2\/posts\/127892","targetHints":{"allow":["GET"]}}],"collection":[{"href":"https:\/\/www.silene.ong\/fr\/wp-json\/wp\/v2\/posts"}],"about":[{"href":"https:\/\/www.silene.ong\/fr\/wp-json\/wp\/v2\/types\/post"}],"author":[{"embeddable":true,"href":"https:\/\/www.silene.ong\/fr\/wp-json\/wp\/v2\/users\/7"}],"replies":[{"embeddable":true,"href":"https:\/\/www.silene.ong\/fr\/wp-json\/wp\/v2\/comments?post=127892"}],"version-history":[{"count":2,"href":"https:\/\/www.silene.ong\/fr\/wp-json\/wp\/v2\/posts\/127892\/revisions"}],"predecessor-version":[{"id":127894,"href":"https:\/\/www.silene.ong\/fr\/wp-json\/wp\/v2\/posts\/127892\/revisions\/127894"}],"wp:featuredmedia":[{"embeddable":true,"href":"https:\/\/www.silene.ong\/fr\/wp-json\/wp\/v2\/media\/127877"}],"wp:attachment":[{"href":"https:\/\/www.silene.ong\/fr\/wp-json\/wp\/v2\/media?parent=127892"}],"wp:term":[{"taxonomy":"category","embeddable":true,"href":"https:\/\/www.silene.ong\/fr\/wp-json\/wp\/v2\/categories?post=127892"},{"taxonomy":"post_tag","embeddable":true,"href":"https:\/\/www.silene.ong\/fr\/wp-json\/wp\/v2\/tags?post=127892"}],"curies":[{"name":"wp","href":"https:\/\/api.w.org\/{rel}","templated":true}]}}