{"id":129543,"date":"2026-04-02T14:46:42","date_gmt":"2026-04-02T12:46:42","guid":{"rendered":"https:\/\/www.silene.ong\/?p=129543"},"modified":"2026-04-29T14:47:39","modified_gmt":"2026-04-29T12:47:39","slug":"montserrat-et-montsant-paysages-uniques-symboles-universels","status":"publish","type":"post","link":"https:\/\/www.silene.ong\/fr\/actualites\/montserrat-et-montsant-paysages-uniques-symboles-universels","title":{"rendered":"Montserrat et Montsant: paysages uniques, symboles universels"},"content":{"rendered":"<p>La Chaire de politiques culturelles de l&rsquo;Universit\u00e9 de G\u00e9rone, dirig\u00e9e par prof. S\u00edlvia Aulet, propose une formation pour les guides \u00e0 Montsant et Montserrat, les deux principales montagnes sacr\u00e9s de la Catalogne sud, intitul\u00e9e : \u00ab Paysages uniques, symboles universels \u00bb. Anim\u00e9e par S\u00edlvia Gili et Ricard Fern\u00e1ndez-Molinet, cette formation adopte une approche holistique et inclusive, en accord avec l&rsquo;Association Sil\u00e8ne, qui a collabor\u00e9 \u00e0 sa diffusion et \u00e0 son enseignement. Lors de la journ\u00e9es de Montsant, Josep Maria Mallarach fera une pr\u00e9sentation consacr\u00e9e aux politiques de l&rsquo;UICN relatives \u00e0 l&rsquo;int\u00e9gration des valeurs culturelles et spirituelles dans la conservation de la nature, \u00e0 l&rsquo;Initiative de D\u00e9los et \u00e0 la tutelle monastique chr\u00e9tienne. Le cours sera en catalan.<\/p>\n<p>Pour acc\u00e9der au programme, cliquez ici.<\/p>\n","protected":false},"excerpt":{"rendered":"<p>La Chaire de politiques culturelles de l&rsquo;Universit\u00e9 de G\u00e9rone, dirig\u00e9e par prof. S\u00edlvia Aulet, propose une formation pour&#8230;<\/p>\n","protected":false},"author":7,"featured_media":129516,"comment_status":"closed","ping_status":"closed","sticky":false,"template":"","format":"standard","meta":{"_acf_changed":false,"footnotes":""},"categories":[131],"tags":[447,271],"class_list":["post-129543","post","type-post","status-publish","format-standard","has-post-thumbnail","hentry","category-actualites","tag-activites","tag-education-environnementale","has-post-title","has-post-date","has-post-category","has-post-tag","has-post-comment","has-post-author",""],"acf":[],"_links":{"self":[{"href":"https:\/\/www.silene.ong\/fr\/wp-json\/wp\/v2\/posts\/129543","targetHints":{"allow":["GET"]}}],"collection":[{"href":"https:\/\/www.silene.ong\/fr\/wp-json\/wp\/v2\/posts"}],"about":[{"href":"https:\/\/www.silene.ong\/fr\/wp-json\/wp\/v2\/types\/post"}],"author":[{"embeddable":true,"href":"https:\/\/www.silene.ong\/fr\/wp-json\/wp\/v2\/users\/7"}],"replies":[{"embeddable":true,"href":"https:\/\/www.silene.ong\/fr\/wp-json\/wp\/v2\/comments?post=129543"}],"version-history":[{"count":6,"href":"https:\/\/www.silene.ong\/fr\/wp-json\/wp\/v2\/posts\/129543\/revisions"}],"predecessor-version":[{"id":129549,"href":"https:\/\/www.silene.ong\/fr\/wp-json\/wp\/v2\/posts\/129543\/revisions\/129549"}],"wp:featuredmedia":[{"embeddable":true,"href":"https:\/\/www.silene.ong\/fr\/wp-json\/wp\/v2\/media\/129516"}],"wp:attachment":[{"href":"https:\/\/www.silene.ong\/fr\/wp-json\/wp\/v2\/media?parent=129543"}],"wp:term":[{"taxonomy":"category","embeddable":true,"href":"https:\/\/www.silene.ong\/fr\/wp-json\/wp\/v2\/categories?post=129543"},{"taxonomy":"post_tag","embeddable":true,"href":"https:\/\/www.silene.ong\/fr\/wp-json\/wp\/v2\/tags?post=129543"}],"curies":[{"name":"wp","href":"https:\/\/api.w.org\/{rel}","templated":true}]}}