{"id":132013,"date":"2026-09-03T20:21:15","date_gmt":"2026-09-03T18:21:15","guid":{"rendered":"https:\/\/www.silene.ong\/?p=132013"},"modified":"2026-09-06T20:28:24","modified_gmt":"2026-09-06T18:28:24","slug":"wendell-berry-eloquent-defenseur-de-la-terre-et-de-lagriculture-sest-eteint","status":"publish","type":"post","link":"https:\/\/www.silene.ong\/fr\/actualites\/wendell-berry-eloquent-defenseur-de-la-terre-et-de-lagriculture-sest-eteint","title":{"rendered":"Wendell Berry, \u00e9loquent d\u00e9fenseur de la terre et de l&rsquo;agriculture, s&rsquo;est \u00e9teint"},"content":{"rendered":"<p>Le 31 ao\u00fbt, Wendell Berry, \u00e9crivain, po\u00e8te, agriculteur et penseur am\u00e9ricain, l&rsquo;une des voix les plus influentes de la d\u00e9fense d&rsquo;un rapport respectueux \u00e0 la terre et aux communaut\u00e9s rurales, est d\u00e9c\u00e9d\u00e9 \u00e0 l&rsquo;\u00e2ge de 92 ans. Il est mort \u00e0 son domicile de Port Royal, Kentucky, \u00c9tas Unis, o\u00f9 il avait v\u00e9cu et travaill\u00e9 comme agriculteur pendant une grande partie de sa vie.<\/p>\n<p>Auteur de plus de cinquante ouvrages de po\u00e9sie, de fiction et d&rsquo;essais, Berry a vivement critiqu\u00e9 l&rsquo;agriculture industrielle, le consum\u00e9risme et l&rsquo;\u00e9conomie d\u00e9racin\u00e9e. Dans des ouvrages tels que \u00ab\u00a0The Unsettling of America\u00a0\u00bb (1977) et \u00ab\u00a0The Gift of Good Land\u00a0\u00bb (1981), il a plaid\u00e9 pour une agriculture enracin\u00e9e dans la terre, dans les communaut\u00e9s et dans leurs limites \u00e9cologiques, ainsi que pour la valeur de l&rsquo;agriculture, du travail et de la vie locale.<\/p>\n<p>Profond\u00e9ment influenc\u00e9 par la foi chr\u00e9tienne, il percevait la crise \u00e9cologique \u00e9galement comme une crise spirituelle et culturelle. Pour lui, la terre n&rsquo;\u00e9tait pas une simple ressource, mais une r\u00e9alit\u00e9 dont nous faisons partie et que nous avons le devoir de pr\u00e9server. Son \u0153uvre a exerc\u00e9 une influence consid\u00e9rable sur la pens\u00e9e \u00e9cologique chr\u00e9tienne et sur les mouvements contemporains de d\u00e9fense d&rsquo;une agriculture durable et des \u00e9conomies locales.<\/p>\n","protected":false},"excerpt":{"rendered":"<p>Le 31 ao\u00fbt, Wendell Berry, \u00e9crivain, po\u00e8te, agriculteur et penseur am\u00e9ricain, l&rsquo;une des voix les plus influentes de&#8230;<\/p>\n","protected":false},"author":7,"featured_media":132038,"comment_status":"closed","ping_status":"closed","sticky":false,"template":"","format":"standard","meta":{"_acf_changed":false,"footnotes":""},"categories":[131],"tags":[310,387],"class_list":["post-132013","post","type-post","status-publish","format-standard","has-post-thumbnail","hentry","category-actualites","tag-christianisme","tag-savoir-traditionelle","has-post-title","has-post-date","has-post-category","has-post-tag","has-post-comment","has-post-author",""],"acf":[],"_links":{"self":[{"href":"https:\/\/www.silene.ong\/fr\/wp-json\/wp\/v2\/posts\/132013","targetHints":{"allow":["GET"]}}],"collection":[{"href":"https:\/\/www.silene.ong\/fr\/wp-json\/wp\/v2\/posts"}],"about":[{"href":"https:\/\/www.silene.ong\/fr\/wp-json\/wp\/v2\/types\/post"}],"author":[{"embeddable":true,"href":"https:\/\/www.silene.ong\/fr\/wp-json\/wp\/v2\/users\/7"}],"replies":[{"embeddable":true,"href":"https:\/\/www.silene.ong\/fr\/wp-json\/wp\/v2\/comments?post=132013"}],"version-history":[{"count":5,"href":"https:\/\/www.silene.ong\/fr\/wp-json\/wp\/v2\/posts\/132013\/revisions"}],"predecessor-version":[{"id":132029,"href":"https:\/\/www.silene.ong\/fr\/wp-json\/wp\/v2\/posts\/132013\/revisions\/132029"}],"wp:featuredmedia":[{"embeddable":true,"href":"https:\/\/www.silene.ong\/fr\/wp-json\/wp\/v2\/media\/132038"}],"wp:attachment":[{"href":"https:\/\/www.silene.ong\/fr\/wp-json\/wp\/v2\/media?parent=132013"}],"wp:term":[{"taxonomy":"category","embeddable":true,"href":"https:\/\/www.silene.ong\/fr\/wp-json\/wp\/v2\/categories?post=132013"},{"taxonomy":"post_tag","embeddable":true,"href":"https:\/\/www.silene.ong\/fr\/wp-json\/wp\/v2\/tags?post=132013"}],"curies":[{"name":"wp","href":"https:\/\/api.w.org\/{rel}","templated":true}]}}