{"id":66491,"date":"2018-10-25T12:53:16","date_gmt":"2018-10-25T10:53:16","guid":{"rendered":"http:\/\/silene.idilicstudio.com\/?p=66491"},"modified":"2019-11-28T22:12:09","modified_gmt":"2019-11-28T21:12:09","slug":"convention-europeenne-du-paysage","status":"publish","type":"post","link":"https:\/\/www.silene.ong\/fr\/centre-de-documentation\/documents-legaux\/convention-europeenne-du-paysage","title":{"rendered":"Convention europ\u00e9enne du paysage"},"content":{"rendered":"<p>La Convention Europ\u00e9enne (Florence, le 20 octobre 2000) reconna\u00eet que le paysage joue un r\u00f4le important d\u2019int\u00e9r\u00eat g\u00e9n\u00e9ral dans le domaine culturel, \u00e9cologique, environnemental et social, et il constitue une ressource favorable pour l\u2019activit\u00e9 \u00e9conomique ; sa protection, sa gestion et son am\u00e9nagement peuvent contribuer \u00e0 la cr\u00e9ation d\u2019emploi ; le paysage participe \u00e0 la formation des cultures locales et est un composant fondamental du patrimoine naturel et culturel europ\u00e9en, qui contribue au bien-\u00eatre des \u00eatres humains et \u00e0 la consolidation de l\u2019identit\u00e9 europ\u00e9enne ; le paysage est un \u00e9l\u00e9ment important de la qualit\u00e9 de vie des toutes les populations : dans les milieux urbains et ruraux, dans les zones d\u00e9grad\u00e9es et dans celles de grande qualit\u00e9, dans les espaces de beaut\u00e9 exceptionnelle reconnue et dans ceux plus quotidiens.La Convention \u00e9galement prend note du fait que l\u2019\u00e9volution des techniques de production agricole, foresti\u00e8re, industrielle et mini\u00e8re, ainsi qu\u2019en mati\u00e8re d\u2019am\u00e9nagement r\u00e9gional et urbanistique, transport, infrastructure, tourisme et loisirs et, \u00e0 un niveau plus g\u00e9n\u00e9ral, les changements dans l\u2019\u00e9conomie mondiale, sont en train d\u2019acc\u00e9l\u00e9rer dans beaucoup de cas la transformation des paysages, dans un sens que cause souvent une perte de sa qualit\u00e9.La Convention essaie de r\u00e9pondre \u00e0 l\u2019aspiration g\u00e9n\u00e9rale de jouir de paysages de grande qualit\u00e9 et de participer activement au d\u00e9veloppement de ceux-ci, le paysage \u00e9tant un \u00e9l\u00e9ment clef du bien-\u00eatre individuel et social et du fait que sa protection, sa gestion et son am\u00e9nagement impliquent des droits et des responsabilit\u00e9s pour tous.<\/p>\n","protected":false},"excerpt":{"rendered":"<p>La Convention Europ\u00e9enne (Florence, le 20 octobre 2000) reconna\u00eet que le paysage joue un r\u00f4le important d\u2019int\u00e9r\u00eat g\u00e9n\u00e9ral&#8230;<\/p>\n","protected":false},"author":21,"featured_media":78856,"comment_status":"closed","ping_status":"closed","sticky":false,"template":"","format":"standard","meta":{"_acf_changed":false,"footnotes":""},"categories":[119],"tags":[256,286],"class_list":["post-66491","post","type-post","status-publish","format-standard","has-post-thumbnail","hentry","category-documents-legaux","tag-conservation-fr","tag-paysage","has-post-title","has-post-date","has-post-category","has-post-tag","has-post-comment","has-post-author",""],"acf":[],"_links":{"self":[{"href":"https:\/\/www.silene.ong\/fr\/wp-json\/wp\/v2\/posts\/66491","targetHints":{"allow":["GET"]}}],"collection":[{"href":"https:\/\/www.silene.ong\/fr\/wp-json\/wp\/v2\/posts"}],"about":[{"href":"https:\/\/www.silene.ong\/fr\/wp-json\/wp\/v2\/types\/post"}],"author":[{"embeddable":true,"href":"https:\/\/www.silene.ong\/fr\/wp-json\/wp\/v2\/users\/21"}],"replies":[{"embeddable":true,"href":"https:\/\/www.silene.ong\/fr\/wp-json\/wp\/v2\/comments?post=66491"}],"version-history":[{"count":1,"href":"https:\/\/www.silene.ong\/fr\/wp-json\/wp\/v2\/posts\/66491\/revisions"}],"predecessor-version":[{"id":92052,"href":"https:\/\/www.silene.ong\/fr\/wp-json\/wp\/v2\/posts\/66491\/revisions\/92052"}],"wp:featuredmedia":[{"embeddable":true,"href":"https:\/\/www.silene.ong\/fr\/wp-json\/wp\/v2\/media\/78856"}],"wp:attachment":[{"href":"https:\/\/www.silene.ong\/fr\/wp-json\/wp\/v2\/media?parent=66491"}],"wp:term":[{"taxonomy":"category","embeddable":true,"href":"https:\/\/www.silene.ong\/fr\/wp-json\/wp\/v2\/categories?post=66491"},{"taxonomy":"post_tag","embeddable":true,"href":"https:\/\/www.silene.ong\/fr\/wp-json\/wp\/v2\/tags?post=66491"}],"curies":[{"name":"wp","href":"https:\/\/api.w.org\/{rel}","templated":true}]}}