{"id":66495,"date":"2018-10-25T12:53:17","date_gmt":"2018-10-25T10:53:17","guid":{"rendered":"http:\/\/silene.idilicstudio.com\/?p=66495"},"modified":"2019-12-15T17:40:10","modified_gmt":"2019-12-15T16:40:10","slug":"sacred-himalayan-landscape-nepal-strategic-plan-2006-2016","status":"publish","type":"post","link":"https:\/\/www.silene.ong\/fr\/centre-de-documentation\/documents-de-planification\/sacred-himalayan-landscape-nepal-strategic-plan-2006-2016","title":{"rendered":"Sacred Himalayan Landscape \u2013 Nepal: Strategic Plan 2006-2016"},"content":{"rendered":"<p>Ce plan strat\u00e9gique, promu par le Minist\u00e8re des For\u00eats et de la Conservation du Sol du Gouvernement du N\u00e9pal, est destin\u00e9 \u00e0 la conservation de la nature dans une r\u00e9gion de l\u2019Himalaya oriental d\u2019une extension de 39.000 km2, qui comprend des aires appartenant \u00e0 trois pays : N\u00e9pal, Inde (\u00e9tats de Sikkim et Darjeeling) et Bhoutan. Ce domaine contient des valeurs exceptionnelles de patrimoine naturel (avec les montagnes les plus hautes du monde et des d\u00e9nivellements sup\u00e9rieurs \u00e0 8.500 m); culturel (avec 5 millions de personnes qui parlent plus de 40 langues) et spirituel (avec le Bouddhisme, l\u2019Hindouisme et les traditions spirituelles autochtones, dans des diverses combinaisons).Le Plan tient compte des valeurs culturelles et spirituelles du paysage de la cha\u00eene de l\u2019Himalaya, consid\u00e9r\u00e9e sacr\u00e9e par ses habitants, et adopte une approche holistique pour conserver tout le spectre de valeurs. Sa vision peut se r\u00e9sumer comme suit : l\u2019Himalaya, un paysage o\u00f9 les tr\u00e9sors biologiques et culturels des montagnes les plus hautes et les vall\u00e9es les plus profondes du monde sont sauvegard\u00e9s, en m\u00eame temps que sont garantis \u00e0 la population les droits sur ses ressources et le maintient et l\u2019am\u00e9lioration de leurs moyens de subsistance.La section d\u2019application, suivi et \u00e9valuation envisage trois possibles visions de l\u2019avenir, selon l\u2019\u00e9volution des tendances dominantes. La plus grande partie de l\u2019information sur la biodiversit\u00e9 provient d\u2019une importante \u00c9valuation Biologique du Paysage Sacr\u00e9 de l\u2019Himalaya (in\u00e9dite) command\u00e9 par WWF N\u00e9pal.<\/p>\n","protected":false},"excerpt":{"rendered":"<p>Ce plan strat\u00e9gique, promu par le Minist\u00e8re des For\u00eats et de la Conservation du Sol du Gouvernement du&#8230;<\/p>\n","protected":false},"author":21,"featured_media":73460,"comment_status":"closed","ping_status":"closed","sticky":false,"template":"","format":"standard","meta":{"_acf_changed":false,"footnotes":""},"categories":[113],"tags":[286,295,298],"class_list":["post-66495","post","type-post","status-publish","format-standard","has-post-thumbnail","hentry","category-documents-de-planification","tag-paysage","tag-traditions-spirituelles","tag-valeurs-culturels","has-post-title","has-post-date","has-post-category","has-post-tag","has-post-comment","has-post-author",""],"acf":[],"_links":{"self":[{"href":"https:\/\/www.silene.ong\/fr\/wp-json\/wp\/v2\/posts\/66495","targetHints":{"allow":["GET"]}}],"collection":[{"href":"https:\/\/www.silene.ong\/fr\/wp-json\/wp\/v2\/posts"}],"about":[{"href":"https:\/\/www.silene.ong\/fr\/wp-json\/wp\/v2\/types\/post"}],"author":[{"embeddable":true,"href":"https:\/\/www.silene.ong\/fr\/wp-json\/wp\/v2\/users\/21"}],"replies":[{"embeddable":true,"href":"https:\/\/www.silene.ong\/fr\/wp-json\/wp\/v2\/comments?post=66495"}],"version-history":[{"count":1,"href":"https:\/\/www.silene.ong\/fr\/wp-json\/wp\/v2\/posts\/66495\/revisions"}],"predecessor-version":[{"id":92731,"href":"https:\/\/www.silene.ong\/fr\/wp-json\/wp\/v2\/posts\/66495\/revisions\/92731"}],"wp:featuredmedia":[{"embeddable":true,"href":"https:\/\/www.silene.ong\/fr\/wp-json\/"}],"wp:attachment":[{"href":"https:\/\/www.silene.ong\/fr\/wp-json\/wp\/v2\/media?parent=66495"}],"wp:term":[{"taxonomy":"category","embeddable":true,"href":"https:\/\/www.silene.ong\/fr\/wp-json\/wp\/v2\/categories?post=66495"},{"taxonomy":"post_tag","embeddable":true,"href":"https:\/\/www.silene.ong\/fr\/wp-json\/wp\/v2\/tags?post=66495"}],"curies":[{"name":"wp","href":"https:\/\/api.w.org\/{rel}","templated":true}]}}