{"id":66695,"date":"2018-10-25T12:53:36","date_gmt":"2018-10-25T10:53:36","guid":{"rendered":"http:\/\/silene.idilicstudio.com\/?p=66695"},"modified":"2021-02-20T22:28:25","modified_gmt":"2021-02-20T21:28:25","slug":"statement-of-custodians-of-sacred-natural-sites-and-territories","status":"publish","type":"post","link":"https:\/\/www.silene.ong\/fr\/centre-de-documentation\/declaration\/statement-of-custodians-of-sacred-natural-sites-and-territories","title":{"rendered":"Statement of Custodians of Sacred Natural Sites and Territories"},"content":{"rendered":"<p>D\u00e9claration adopt\u00e9e en octobre 2008, lors d&rsquo;un \u00e9v\u00e9nement parall\u00e8le au Congr\u00e8s mondial de la nature de l&rsquo;Union internationale pour la conservation de la nature (UICN) par les gardiens des lieux et des territoires sacr\u00e9s et naturels de l&rsquo;Asie, Am\u00e9rique du Sud, Afrique, Australie et Pacifique, r\u00e9unis \u00e0 la Biblioth\u00e8que nationale de Catalogne, en Barcelone.<\/p>\n<p>Les d\u00e9positaires et les gardiens de ces lieux sacr\u00e9s repr\u00e9sentent les traditions autochtones, religieuses et spirituelles de leur r\u00e9gion et partagent une vision ancestrale des relations que leurs communaut\u00e9s entretiennent avec leurs lieux naturels sacr\u00e9s. Dans la d\u00e9claration, ils exposent diff\u00e9rentes formes et significations des liens qui existent entre une communaut\u00e9 et le territoire qu\u2019ils consid\u00e8rent sacr\u00e9. Examine les menaces et soumet des p\u00e9titions aux gouvernements nationaux, \u00e0 l&rsquo;UICN et \u00e0 la communaut\u00e9 internationale pour donner la priorit\u00e9 \u00e0 la participation des communaut\u00e9s autochtones \u00e0 la gestion des territoires sacr\u00e9s et des sites naturels.<\/p>\n<!--themify_builder_content-->\n<div id=\"themify_builder_content-66695\" data-postid=\"66695\" class=\"themify_builder_content themify_builder_content-66695 themify_builder tf_clear\">\n    <\/div>\n<!--\/themify_builder_content-->\n","protected":false},"excerpt":{"rendered":"<p>D\u00e9claration adopt\u00e9e en octobre 2008, lors d&rsquo;un \u00e9v\u00e9nement parall\u00e8le au Congr\u00e8s mondial de la nature de l&rsquo;Union internationale&#8230;<\/p>\n","protected":false},"author":21,"featured_media":78727,"comment_status":"closed","ping_status":"closed","sticky":false,"template":"","format":"standard","meta":{"_acf_changed":false,"footnotes":""},"categories":[107],"tags":[256,249,315],"class_list":["post-66695","post","type-post","status-publish","format-standard","has-post-thumbnail","hentry","category-declaration","tag-conservation-fr","tag-peuples-autochtones","tag-sites-sacres","has-post-title","has-post-date","has-post-category","has-post-tag","has-post-comment","has-post-author",""],"acf":[],"_links":{"self":[{"href":"https:\/\/www.silene.ong\/fr\/wp-json\/wp\/v2\/posts\/66695","targetHints":{"allow":["GET"]}}],"collection":[{"href":"https:\/\/www.silene.ong\/fr\/wp-json\/wp\/v2\/posts"}],"about":[{"href":"https:\/\/www.silene.ong\/fr\/wp-json\/wp\/v2\/types\/post"}],"author":[{"embeddable":true,"href":"https:\/\/www.silene.ong\/fr\/wp-json\/wp\/v2\/users\/21"}],"replies":[{"embeddable":true,"href":"https:\/\/www.silene.ong\/fr\/wp-json\/wp\/v2\/comments?post=66695"}],"version-history":[{"count":3,"href":"https:\/\/www.silene.ong\/fr\/wp-json\/wp\/v2\/posts\/66695\/revisions"}],"predecessor-version":[{"id":86294,"href":"https:\/\/www.silene.ong\/fr\/wp-json\/wp\/v2\/posts\/66695\/revisions\/86294"}],"wp:featuredmedia":[{"embeddable":true,"href":"https:\/\/www.silene.ong\/fr\/wp-json\/wp\/v2\/media\/78727"}],"wp:attachment":[{"href":"https:\/\/www.silene.ong\/fr\/wp-json\/wp\/v2\/media?parent=66695"}],"wp:term":[{"taxonomy":"category","embeddable":true,"href":"https:\/\/www.silene.ong\/fr\/wp-json\/wp\/v2\/categories?post=66695"},{"taxonomy":"post_tag","embeddable":true,"href":"https:\/\/www.silene.ong\/fr\/wp-json\/wp\/v2\/tags?post=66695"}],"curies":[{"name":"wp","href":"https:\/\/api.w.org\/{rel}","templated":true}]}}