{"id":66746,"date":"2018-10-25T12:53:39","date_gmt":"2018-10-25T10:53:39","guid":{"rendered":"http:\/\/silene.idilicstudio.com\/?p=66746"},"modified":"2021-02-21T17:41:41","modified_gmt":"2021-02-21T16:41:41","slug":"the-ecological-conversion","status":"publish","type":"post","link":"https:\/\/www.silene.ong\/fr\/centre-de-documentation\/information-et-sensibilisation\/the-ecological-conversion","title":{"rendered":"La conversion \u00e9cologique pour \u00e9viter la catastrophe \u00e9cologique"},"content":{"rendered":"<p>Dans ce document, le pape Jean-Paul II d\u00e9crit les aspects les plus importants de la vision de l&rsquo;Eglise des probl\u00e8mes environnementaux. Commencez par introduire la grande importance de la nature dans la cr\u00e9ation de Dieu. Comme la nature fait partie du projet du Cr\u00e9ateur pour le monde, le paradis o\u00f9 l&rsquo;homme devait vivre en harmonie avec ses semblables, avec la cr\u00e9ation et avec Dieu. Une harmonie qui a \u00e9t\u00e9 bris\u00e9e \u00e0 cause du p\u00e9ch\u00e9 de l&rsquo;homme. Il d\u00e9veloppe ensuite le concept de la vocation de l&rsquo;humanit\u00e9 \u00e0 gouverner la cr\u00e9ation avec sagesse et amour, participant \u00e0 la sagesse et \u00e0 l&rsquo;amour de Dieu, et d\u00e9crit la d\u00e9vastation que la nature de la Terre subit en raison de la mauvaise gestion d&rsquo;une partie de l&rsquo;humanit\u00e9. Enfin, il est urgent de promouvoir une conversion \u00e9cologique incluant une \u00e9cologie \u00e0 la fois physique et \u00ab\u00a0humaine\u00a0\u00bb qui nous rapproche du projet du Cr\u00e9ateur, afin que les hommes et les femmes parviennent \u00e0 une nouvelle harmonie avec la nature et avec eux-m\u00eames et en viennent \u00e0 reconna\u00eetre la pr\u00e9sence de Dieu \u00e9voqu\u00e9e par la grandeur de la cr\u00e9ation.<\/p>\n<!--themify_builder_content-->\n<div id=\"themify_builder_content-66746\" data-postid=\"66746\" class=\"themify_builder_content themify_builder_content-66746 themify_builder tf_clear\">\n    <\/div>\n<!--\/themify_builder_content-->\n","protected":false},"excerpt":{"rendered":"<p>Dans ce document, le pape Jean-Paul II d\u00e9crit les aspects les plus importants de la vision de l&rsquo;Eglise&#8230;<\/p>\n","protected":false},"author":21,"featured_media":82169,"comment_status":"closed","ping_status":"closed","sticky":false,"template":"","format":"standard","meta":{"_acf_changed":false,"footnotes":""},"categories":[122],"tags":[310,255,256,277],"class_list":["post-66746","post","type-post","status-publish","format-standard","has-post-thumbnail","hentry","category-information-et-sensibilisation","tag-christianisme","tag-conservation","tag-conservation-fr","tag-ethique","has-post-title","has-post-date","has-post-category","has-post-tag","has-post-comment","has-post-author",""],"acf":[],"_links":{"self":[{"href":"https:\/\/www.silene.ong\/fr\/wp-json\/wp\/v2\/posts\/66746","targetHints":{"allow":["GET"]}}],"collection":[{"href":"https:\/\/www.silene.ong\/fr\/wp-json\/wp\/v2\/posts"}],"about":[{"href":"https:\/\/www.silene.ong\/fr\/wp-json\/wp\/v2\/types\/post"}],"author":[{"embeddable":true,"href":"https:\/\/www.silene.ong\/fr\/wp-json\/wp\/v2\/users\/21"}],"replies":[{"embeddable":true,"href":"https:\/\/www.silene.ong\/fr\/wp-json\/wp\/v2\/comments?post=66746"}],"version-history":[{"count":5,"href":"https:\/\/www.silene.ong\/fr\/wp-json\/wp\/v2\/posts\/66746\/revisions"}],"predecessor-version":[{"id":86393,"href":"https:\/\/www.silene.ong\/fr\/wp-json\/wp\/v2\/posts\/66746\/revisions\/86393"}],"wp:featuredmedia":[{"embeddable":true,"href":"https:\/\/www.silene.ong\/fr\/wp-json\/wp\/v2\/media\/82169"}],"wp:attachment":[{"href":"https:\/\/www.silene.ong\/fr\/wp-json\/wp\/v2\/media?parent=66746"}],"wp:term":[{"taxonomy":"category","embeddable":true,"href":"https:\/\/www.silene.ong\/fr\/wp-json\/wp\/v2\/categories?post=66746"},{"taxonomy":"post_tag","embeddable":true,"href":"https:\/\/www.silene.ong\/fr\/wp-json\/wp\/v2\/tags?post=66746"}],"curies":[{"name":"wp","href":"https:\/\/api.w.org\/{rel}","templated":true}]}}