{"id":66921,"date":"2007-10-25T12:53:53","date_gmt":"2007-10-25T10:53:53","guid":{"rendered":"http:\/\/silene.idilicstudio.com\/?p=66921"},"modified":"2022-07-26T10:13:45","modified_gmt":"2022-07-26T08:13:45","slug":"to-know-is-to-respect-indigenous-ecological-cultural-principles-ant-the-ecosystem-approach-in-the-colombian-amazon","status":"publish","type":"post","link":"https:\/\/www.silene.ong\/fr\/centre-de-documentation\/documents-de-gestion\/to-know-is-to-respect-indigenous-ecological-cultural-principles-ant-the-ecosystem-approach-in-the-colombian-amazon","title":{"rendered":"To know is to respect: indigenous ecological-cultural principles ant the Ecosystem Approach in the Colombian Amazon"},"content":{"rendered":"<p>\u00c9tude de cas publi\u00e9e dans \u00ab\u00a0Application de l&rsquo;approche par \u00e9cosyst\u00e8me en Am\u00e9rique latine\u00a0\u00bb ainsi que d&rsquo;autres \u00e9tudes et exp\u00e9riences d\u00e9crites par des experts de la Commission de la gestion des \u00e9cosyst\u00e8mes de l&rsquo;Union mondiale pour la cons\u00e9rvation de la nature (UICN). L&rsquo;approche par \u00e9cosyst\u00e8me permet une gestion int\u00e9gr\u00e9e de la nature qui favorise la conservation et l&rsquo;utilisation durable de ses ressources de mani\u00e8re \u00e9quitable. Lors de l&rsquo;analyse des relations entre la nature et la soci\u00e9t\u00e9 chez les peuples autochtones d&rsquo;Amazonie, on a identifi\u00e9 des mod\u00e8les d&rsquo;interaction \u00e9vidents qui ont permis la conservation de la biodiversit\u00e9, \u00e0 travers lesquels sont formul\u00e9s les principes de base de la pens\u00e9e autochtone pour une bonne coexistence avec la for\u00eat tropicale.<\/p>\n<p>Cet article pr\u00e9sente et analyse les principes \u00e9cologiques et culturels des peuples autochtones vivant dans les parties moyenne et inf\u00e9rieure de la rivi\u00e8re Caquet\u00e1 en Amazonie colombienne, et met en \u00e9vidence les co\u00efncidences, les compl\u00e9mentarit\u00e9s et les contradictions observ\u00e9es par rapport aux principes de l&rsquo;approche par \u00e9cosyst\u00e8me pr\u00e9sent\u00e9e dans d&rsquo;autres recherches men\u00e9es dans la m\u00eame r\u00e9gion.<\/p>\n","protected":false},"excerpt":{"rendered":"<p>\u00c9tude de cas publi\u00e9e dans \u00ab\u00a0Application de l&rsquo;approche par \u00e9cosyst\u00e8me en Am\u00e9rique latine\u00a0\u00bb ainsi que d&rsquo;autres \u00e9tudes et&#8230;<\/p>\n","protected":false},"author":21,"featured_media":74558,"comment_status":"closed","ping_status":"closed","sticky":false,"template":"","format":"standard","meta":{"_acf_changed":false,"footnotes":""},"categories":[110],"tags":[256,259,249],"class_list":["post-66921","post","type-post","status-publish","format-standard","has-post-thumbnail","hentry","category-documents-de-gestion","tag-conservation-fr","tag-cosmovision-fr","tag-peuples-autochtones","has-post-title","has-post-date","has-post-category","has-post-tag","has-post-comment","has-post-author",""],"acf":[],"_links":{"self":[{"href":"https:\/\/www.silene.ong\/fr\/wp-json\/wp\/v2\/posts\/66921","targetHints":{"allow":["GET"]}}],"collection":[{"href":"https:\/\/www.silene.ong\/fr\/wp-json\/wp\/v2\/posts"}],"about":[{"href":"https:\/\/www.silene.ong\/fr\/wp-json\/wp\/v2\/types\/post"}],"author":[{"embeddable":true,"href":"https:\/\/www.silene.ong\/fr\/wp-json\/wp\/v2\/users\/21"}],"replies":[{"embeddable":true,"href":"https:\/\/www.silene.ong\/fr\/wp-json\/wp\/v2\/comments?post=66921"}],"version-history":[{"count":1,"href":"https:\/\/www.silene.ong\/fr\/wp-json\/wp\/v2\/posts\/66921\/revisions"}],"predecessor-version":[{"id":92059,"href":"https:\/\/www.silene.ong\/fr\/wp-json\/wp\/v2\/posts\/66921\/revisions\/92059"}],"wp:featuredmedia":[{"embeddable":true,"href":"https:\/\/www.silene.ong\/fr\/wp-json\/wp\/v2\/media\/74558"}],"wp:attachment":[{"href":"https:\/\/www.silene.ong\/fr\/wp-json\/wp\/v2\/media?parent=66921"}],"wp:term":[{"taxonomy":"category","embeddable":true,"href":"https:\/\/www.silene.ong\/fr\/wp-json\/wp\/v2\/categories?post=66921"},{"taxonomy":"post_tag","embeddable":true,"href":"https:\/\/www.silene.ong\/fr\/wp-json\/wp\/v2\/tags?post=66921"}],"curies":[{"name":"wp","href":"https:\/\/api.w.org\/{rel}","templated":true}]}}