{"id":67029,"date":"2018-10-25T12:53:58","date_gmt":"2018-10-25T10:53:58","guid":{"rendered":"http:\/\/silene.idilicstudio.com\/?p=67029"},"modified":"2019-12-18T11:35:22","modified_gmt":"2019-12-18T10:35:22","slug":"la-declaration-universelle-des-droits-terre-mere","status":"publish","type":"post","link":"https:\/\/www.silene.ong\/fr\/centre-de-documentation\/la-declaration-universelle-des-droits-terre-mere","title":{"rendered":"La D\u00e9claration Universelle des Droits de la Terre M\u00e8re"},"content":{"rendered":"<p>D\u00e9claration finale du Groupe de travail sur les droits de la Terre m\u00e8re de la <em>Conf\u00e9rence mondiale des peuples autochtones sur le changement climatique et les droits de la Terre m\u00e8re<\/em>, 20-22 avril 2010 \u00e0 Cochabamba (Bolivie) et appuy\u00e9e par 241 collectifs du monde entier. Il est pr\u00e9vu que ce projet de d\u00e9claration universelle soit approuv\u00e9 par l&rsquo;Assembl\u00e9e g\u00e9n\u00e9rale de l&rsquo;Organisation des Nations Unies (ONU).<\/p>\n<p>Le projet de d\u00e9claration comprend un pr\u00e9ambule et quatre articles. Le pr\u00e9ambule reconna\u00eet le r\u00f4le de la Terre M\u00e8re en tant que source de vie, ainsi que les abus dont elle souffre et la n\u00e9cessit\u00e9 de prendre des mesures pour les arr\u00eater. Le premier article d\u00e9finit ce qu&rsquo;est la Terre M\u00e8re et la relation avec tous les \u00eatres dont nous d\u00e9pendons. Le deuxi\u00e8me article pr\u00e9cise les droits de la Terre M\u00e8re et de tous les \u00eatres qui la composent; le troisi\u00e8me \u00e9nonce les obligations des \u00eatres humains envers la Terre-M\u00e8re, de vivre en harmonie avec eux; et le quatri\u00e8me contient les d\u00e9finitions des termes cl\u00e9s.<\/p>\n<p>Les droits de la Terre M\u00e8re (Pacha Mama, en kitxua) ont \u00e9t\u00e9 inclus dans certaines constitutions d&rsquo;\u00c9tats d&rsquo;Am\u00e9rique du Sud, comme l&rsquo;\u00c9quateur.<\/p>\n","protected":false},"excerpt":{"rendered":"<p>D\u00e9claration finale du Groupe de travail sur les droits de la Terre m\u00e8re de la Conf\u00e9rence mondiale des&#8230;<\/p>\n","protected":false},"author":21,"featured_media":78783,"comment_status":"closed","ping_status":"closed","sticky":false,"template":"","format":"standard","meta":{"_acf_changed":false,"footnotes":""},"categories":[104,107],"tags":[259,277,249],"class_list":["post-67029","post","type-post","status-publish","format-standard","has-post-thumbnail","hentry","category-centre-de-documentation","category-declaration","tag-cosmovision-fr","tag-ethique","tag-peuples-autochtones","has-post-title","has-post-date","has-post-category","has-post-tag","has-post-comment","has-post-author",""],"acf":[],"_links":{"self":[{"href":"https:\/\/www.silene.ong\/fr\/wp-json\/wp\/v2\/posts\/67029","targetHints":{"allow":["GET"]}}],"collection":[{"href":"https:\/\/www.silene.ong\/fr\/wp-json\/wp\/v2\/posts"}],"about":[{"href":"https:\/\/www.silene.ong\/fr\/wp-json\/wp\/v2\/types\/post"}],"author":[{"embeddable":true,"href":"https:\/\/www.silene.ong\/fr\/wp-json\/wp\/v2\/users\/21"}],"replies":[{"embeddable":true,"href":"https:\/\/www.silene.ong\/fr\/wp-json\/wp\/v2\/comments?post=67029"}],"version-history":[{"count":1,"href":"https:\/\/www.silene.ong\/fr\/wp-json\/wp\/v2\/posts\/67029\/revisions"}],"predecessor-version":[{"id":93024,"href":"https:\/\/www.silene.ong\/fr\/wp-json\/wp\/v2\/posts\/67029\/revisions\/93024"}],"wp:featuredmedia":[{"embeddable":true,"href":"https:\/\/www.silene.ong\/fr\/wp-json\/wp\/v2\/media\/78783"}],"wp:attachment":[{"href":"https:\/\/www.silene.ong\/fr\/wp-json\/wp\/v2\/media?parent=67029"}],"wp:term":[{"taxonomy":"category","embeddable":true,"href":"https:\/\/www.silene.ong\/fr\/wp-json\/wp\/v2\/categories?post=67029"},{"taxonomy":"post_tag","embeddable":true,"href":"https:\/\/www.silene.ong\/fr\/wp-json\/wp\/v2\/tags?post=67029"}],"curies":[{"name":"wp","href":"https:\/\/api.w.org\/{rel}","templated":true}]}}