{"id":67084,"date":"2011-10-25T12:54:01","date_gmt":"2011-10-25T11:54:01","guid":{"rendered":"http:\/\/silene.idilicstudio.com\/?p=67084"},"modified":"2021-02-20T00:37:35","modified_gmt":"2021-02-19T23:37:35","slug":"conclusions-primera-jornada-patrimoni-immaterial-els-espais-naturals-protegits-catalunya","status":"publish","type":"post","link":"https:\/\/www.silene.ong\/fr\/centre-de-documentation\/conclusions-primera-jornada-patrimoni-immaterial-els-espais-naturals-protegits-catalunya","title":{"rendered":"Conclusions de la premi\u00e8re journ\u00e9e sur le patrimoine immat\u00e9riel des aires prot\u00e9g\u00e9s de la Catalogne"},"content":{"rendered":"<div class=\"oSioSc\">\n<div id=\"tw-target\">\n<div id=\"kAz1tf\" class=\"g9WsWb\">\n<div id=\"tw-target-text-container\" class=\"tw-ta-container tw-nfl\">\n<p id=\"tw-target-text\" class=\"tw-data-text tw-ta tw-text-small\" dir=\"ltr\" data-placeholder=\"Traducci\u00f3n\"><span lang=\"fr\" tabindex=\"0\">Le s\u00e9minarie que s&rsquo;est d\u00e9roul\u00e9 le 20 septembre 2011, au monast\u00e8re de Poblet, a permis de rassembler et partager l&rsquo;exp\u00e9rience relative \u00e0 l&rsquo;\u00e9tude et \u00e0 la prise en compte du patrimoine culturel immat\u00e9riel et du patrimoine spirituel g\u00e9n\u00e9r\u00e9s dans les espaces naturels prot\u00e9g\u00e9s de la Catalogne. En outre, les participants ont fait des propositions pour la manuel sur le patrimoine immat\u00e9riel dans les espaces naturels prot\u00e9g\u00e9s, qui est promu par EUROPARC-Espagne, conjointement avec l&rsquo;Association Silene. <\/span><\/p>\n<p class=\"tw-data-text tw-ta tw-text-small\" dir=\"ltr\" data-placeholder=\"Traducci\u00f3n\"><span lang=\"fr\" tabindex=\"0\">Les conclusions du s\u00e9minaire sont organis\u00e9es en quatre parties: L\u2019exp\u00e9rience des inventaires, diagnostics et propositions relatifs au patrimoine immat\u00e9riel dans les espaces naturels prot\u00e9g\u00e9s de la Catalogne; la port\u00e9e du concept de patrimoine immat\u00e9riel et ses types; les difficult\u00e9s et les d\u00e9fis pos\u00e9s par la conservation du patrimoine immat\u00e9riel et, enfin, les opportunit\u00e9s li\u00e9es \u00e0 sa conservation, toujours dans la perspective des aires prot\u00e9g\u00e9es.<\/span><\/p>\n<\/div>\n<\/div>\n<\/div>\n<\/div>\n<!--themify_builder_content-->\n<div id=\"themify_builder_content-67084\" data-postid=\"67084\" class=\"themify_builder_content themify_builder_content-67084 themify_builder tf_clear\">\n    <\/div>\n<!--\/themify_builder_content-->\n","protected":false},"excerpt":{"rendered":"<p>Le s\u00e9minarie que s&rsquo;est d\u00e9roul\u00e9 le 20 septembre 2011, au monast\u00e8re de Poblet, a permis de rassembler et&#8230;<\/p>\n","protected":false},"author":21,"featured_media":74776,"comment_status":"closed","ping_status":"closed","sticky":false,"template":"","format":"standard","meta":{"_acf_changed":false,"footnotes":""},"categories":[104,116],"tags":[288,298,302],"class_list":["post-67084","post","type-post","status-publish","format-standard","has-post-thumbnail","hentry","category-centre-de-documentation","category-documents-strategiques","tag-patrimoine","tag-valeurs-culturels","tag-valeurs-spirituels","has-post-title","has-post-date","has-post-category","has-post-tag","has-post-comment","has-post-author",""],"acf":[],"_links":{"self":[{"href":"https:\/\/www.silene.ong\/fr\/wp-json\/wp\/v2\/posts\/67084","targetHints":{"allow":["GET"]}}],"collection":[{"href":"https:\/\/www.silene.ong\/fr\/wp-json\/wp\/v2\/posts"}],"about":[{"href":"https:\/\/www.silene.ong\/fr\/wp-json\/wp\/v2\/types\/post"}],"author":[{"embeddable":true,"href":"https:\/\/www.silene.ong\/fr\/wp-json\/wp\/v2\/users\/21"}],"replies":[{"embeddable":true,"href":"https:\/\/www.silene.ong\/fr\/wp-json\/wp\/v2\/comments?post=67084"}],"version-history":[{"count":7,"href":"https:\/\/www.silene.ong\/fr\/wp-json\/wp\/v2\/posts\/67084\/revisions"}],"predecessor-version":[{"id":86651,"href":"https:\/\/www.silene.ong\/fr\/wp-json\/wp\/v2\/posts\/67084\/revisions\/86651"}],"wp:featuredmedia":[{"embeddable":true,"href":"https:\/\/www.silene.ong\/fr\/wp-json\/wp\/v2\/media\/74776"}],"wp:attachment":[{"href":"https:\/\/www.silene.ong\/fr\/wp-json\/wp\/v2\/media?parent=67084"}],"wp:term":[{"taxonomy":"category","embeddable":true,"href":"https:\/\/www.silene.ong\/fr\/wp-json\/wp\/v2\/categories?post=67084"},{"taxonomy":"post_tag","embeddable":true,"href":"https:\/\/www.silene.ong\/fr\/wp-json\/wp\/v2\/tags?post=67084"}],"curies":[{"name":"wp","href":"https:\/\/api.w.org\/{rel}","templated":true}]}}