{"id":67113,"date":"2018-10-25T12:54:03","date_gmt":"2018-10-25T10:54:03","guid":{"rendered":"http:\/\/silene.idilicstudio.com\/?p=67113"},"modified":"2021-02-20T06:14:42","modified_gmt":"2021-02-20T05:14:42","slug":"walking-the-path-of-environmental-buddhism-through-compassion-and-emptiness","status":"publish","type":"post","link":"https:\/\/www.silene.ong\/fr\/centre-de-documentation\/information-et-sensibilisation\/walking-the-path-of-environmental-buddhism-through-compassion-and-emptiness","title":{"rendered":"Walking the Path of Environmental Buddhism through Compassion and Emptiness"},"content":{"rendered":"<p>L&rsquo;auteur, \u00e0 la t\u00eate de l&rsquo;\u00e9cole de bouddhisme tib\u00e9tain Karma Kagyu, Sa Saintet\u00e9 le 17\u00e8me Karmapa, commence par rappeler ses origines dans une famille de nomades tib\u00e9tains. Il commente ensuite la concordance entre les principes environnementaux les plus importants et les enseignements fondamentaux du bouddhisme: le d\u00e9sir d&rsquo;att\u00e9nuer les souffrances de tous les \u00eatres vivants et la compr\u00e9hension du fait que tout ce qui existe n&rsquo;a pas sa propre nature. Apr\u00e8s avoir \u00e9valu\u00e9 les implications des effets du changement climatique sur le plateau tib\u00e9tain et de son impact sur le continent asiatique, il affirme qu\u2019il ne suffit pas de s\u2019attaquer aux aspects politiques et scientifiques des probl\u00e8mes environnementaux, mais \u00e9galement des aspects sociaux et culturels, \u00e9veillant les valeurs humaines et la cr\u00e9ation d&rsquo;un mouvement de compassion, de sorte que la principale motivation des \u00e9cologistes soit de profiter aux autres \u00eatres vivants. Enfin, il propose cinq actions strat\u00e9giques plus coh\u00e9rentes de l\u2019environnement, en soulignant que toutes les religions du monde ont le m\u00eame noyau de messages en relation avec la nature: vivre simplement, agir avec compassion, se sentir bien entre soi et se pr\u00e9server toute la vie.<\/p>\n<!--themify_builder_content-->\n<div id=\"themify_builder_content-67113\" data-postid=\"67113\" class=\"themify_builder_content themify_builder_content-67113 themify_builder tf_clear\">\n    <\/div>\n<!--\/themify_builder_content-->\n","protected":false},"excerpt":{"rendered":"<p>L&rsquo;auteur, \u00e0 la t\u00eate de l&rsquo;\u00e9cole de bouddhisme tib\u00e9tain Karma Kagyu, Sa Saintet\u00e9 le 17\u00e8me Karmapa, commence par&#8230;<\/p>\n","protected":false},"author":21,"featured_media":81994,"comment_status":"closed","ping_status":"closed","sticky":false,"template":"","format":"standard","meta":{"_acf_changed":false,"footnotes":""},"categories":[122],"tags":[304,277],"class_list":["post-67113","post","type-post","status-publish","format-standard","has-post-thumbnail","hentry","category-information-et-sensibilisation","tag-bouddhisme","tag-ethique","has-post-title","has-post-date","has-post-category","has-post-tag","has-post-comment","has-post-author",""],"acf":[],"_links":{"self":[{"href":"https:\/\/www.silene.ong\/fr\/wp-json\/wp\/v2\/posts\/67113","targetHints":{"allow":["GET"]}}],"collection":[{"href":"https:\/\/www.silene.ong\/fr\/wp-json\/wp\/v2\/posts"}],"about":[{"href":"https:\/\/www.silene.ong\/fr\/wp-json\/wp\/v2\/types\/post"}],"author":[{"embeddable":true,"href":"https:\/\/www.silene.ong\/fr\/wp-json\/wp\/v2\/users\/21"}],"replies":[{"embeddable":true,"href":"https:\/\/www.silene.ong\/fr\/wp-json\/wp\/v2\/comments?post=67113"}],"version-history":[{"count":3,"href":"https:\/\/www.silene.ong\/fr\/wp-json\/wp\/v2\/posts\/67113\/revisions"}],"predecessor-version":[{"id":82003,"href":"https:\/\/www.silene.ong\/fr\/wp-json\/wp\/v2\/posts\/67113\/revisions\/82003"}],"wp:featuredmedia":[{"embeddable":true,"href":"https:\/\/www.silene.ong\/fr\/wp-json\/wp\/v2\/media\/81994"}],"wp:attachment":[{"href":"https:\/\/www.silene.ong\/fr\/wp-json\/wp\/v2\/media?parent=67113"}],"wp:term":[{"taxonomy":"category","embeddable":true,"href":"https:\/\/www.silene.ong\/fr\/wp-json\/wp\/v2\/categories?post=67113"},{"taxonomy":"post_tag","embeddable":true,"href":"https:\/\/www.silene.ong\/fr\/wp-json\/wp\/v2\/tags?post=67113"}],"curies":[{"name":"wp","href":"https:\/\/api.w.org\/{rel}","templated":true}]}}