{"id":67117,"date":"2018-10-25T12:54:03","date_gmt":"2018-10-25T10:54:03","guid":{"rendered":"http:\/\/silene.idilicstudio.com\/?p=67117"},"modified":"2023-04-05T11:03:29","modified_gmt":"2023-04-05T09:03:29","slug":"environmental-protection-in-islam-protection-environnement-islam","status":"publish","type":"post","link":"https:\/\/www.silene.ong\/fr\/centre-de-documentation\/environmental-protection-in-islam-protection-environnement-islam","title":{"rendered":"La Protection de l&rsquo;Environnement en Islam"},"content":{"rendered":"<p id=\"tw-target-text\" class=\"tw-data-text tw-ta tw-text-small\" dir=\"ltr\" data-placeholder=\"Traducci\u00f3n\"><span lang=\"fr\" tabindex=\"0\">La publication synth\u00e9tise, en trente pages, la doctrine islamique sur la conservation de la nature, \u00e0 partir de la r\u00e9v\u00e9lation coranique et des paroles du proph\u00e8te Mahomet. Apr\u00e8s une introduction qui expose l\u2019attitude islamique \u00e0 l\u2019\u00e9gard de l\u2019univers, des ressources naturelles et des relations entre l\u2019homme et la nature, l\u2019ouvrage est structur\u00e9 en trois chapitres. Le premier est d\u00e9di\u00e9 \u00e0 la protection de l&rsquo;eau, de l&rsquo;air, des sols et des sols, des plantes et des animaux. Les paragraphes suivants d\u00e9crivent les impacts de l\u2019activit\u00e9 humaine: d\u00e9chets, pesticides, substances radioactives, bruits, drogues, mais aussi catastrophes naturelles. Le dernier chapitre \u00e9nonce les principes, les politiques et les institutions qui, conform\u00e9ment au droit islamique, r\u00e9gissent les mesures et proc\u00e9dures en mati\u00e8re de protection de l&rsquo;environnement. Il conclut en r\u00e9sumant le message que la conservation de l&rsquo;environnement et de la nature est un commandement de Dieu, cr\u00e9ateur et soutien de tous les \u00eatres, imp\u00e9ratif pour toute l&rsquo;humanit\u00e9, duquel il faut extraire toutes les cons\u00e9quences qui s&rsquo;imposent \u00e0 tous. sans exception.<\/span><\/p>\n<!--themify_builder_content-->\n<div id=\"themify_builder_content-67117\" data-postid=\"67117\" class=\"themify_builder_content themify_builder_content-67117 themify_builder tf_clear\">\n    <\/div>\n<!--\/themify_builder_content-->\n","protected":false},"excerpt":{"rendered":"<p>La publication synth\u00e9tise, en trente pages, la doctrine islamique sur la conservation de la nature, \u00e0 partir de&#8230;<\/p>\n","protected":false},"author":21,"featured_media":118829,"comment_status":"closed","ping_status":"closed","sticky":false,"template":"","format":"standard","meta":{"_acf_changed":false,"footnotes":""},"categories":[104,116],"tags":[256,277,197,391],"class_list":["post-67117","post","type-post","status-publish","format-standard","has-post-thumbnail","hentry","category-centre-de-documentation","category-documents-strategiques","tag-conservation-fr","tag-ethique","tag-islam","tag-islam-fr","has-post-title","has-post-date","has-post-category","has-post-tag","has-post-comment","has-post-author",""],"acf":[],"_links":{"self":[{"href":"https:\/\/www.silene.ong\/fr\/wp-json\/wp\/v2\/posts\/67117","targetHints":{"allow":["GET"]}}],"collection":[{"href":"https:\/\/www.silene.ong\/fr\/wp-json\/wp\/v2\/posts"}],"about":[{"href":"https:\/\/www.silene.ong\/fr\/wp-json\/wp\/v2\/types\/post"}],"author":[{"embeddable":true,"href":"https:\/\/www.silene.ong\/fr\/wp-json\/wp\/v2\/users\/21"}],"replies":[{"embeddable":true,"href":"https:\/\/www.silene.ong\/fr\/wp-json\/wp\/v2\/comments?post=67117"}],"version-history":[{"count":5,"href":"https:\/\/www.silene.ong\/fr\/wp-json\/wp\/v2\/posts\/67117\/revisions"}],"predecessor-version":[{"id":118844,"href":"https:\/\/www.silene.ong\/fr\/wp-json\/wp\/v2\/posts\/67117\/revisions\/118844"}],"wp:featuredmedia":[{"embeddable":true,"href":"https:\/\/www.silene.ong\/fr\/wp-json\/wp\/v2\/media\/118829"}],"wp:attachment":[{"href":"https:\/\/www.silene.ong\/fr\/wp-json\/wp\/v2\/media?parent=67117"}],"wp:term":[{"taxonomy":"category","embeddable":true,"href":"https:\/\/www.silene.ong\/fr\/wp-json\/wp\/v2\/categories?post=67117"},{"taxonomy":"post_tag","embeddable":true,"href":"https:\/\/www.silene.ong\/fr\/wp-json\/wp\/v2\/tags?post=67117"}],"curies":[{"name":"wp","href":"https:\/\/api.w.org\/{rel}","templated":true}]}}