{"id":67275,"date":"2018-10-25T12:54:19","date_gmt":"2018-10-25T10:54:19","guid":{"rendered":"http:\/\/silene.idilicstudio.com\/?p=67275"},"modified":"2021-02-20T03:46:46","modified_gmt":"2021-02-20T02:46:46","slug":"res-009-encourager-cooperation-avec-des-organisations-et-des-reseaux-confessionnels","status":"publish","type":"post","link":"https:\/\/www.silene.ong\/fr\/centre-de-documentation\/documents-strategiques\/res-009-encourager-cooperation-avec-des-organisations-et-des-reseaux-confessionnels","title":{"rendered":"Encourager la coop\u00e9ration entre organisations conservationistes et religieuses"},"content":{"rendered":"<p>Cette r\u00e9solution, approuv\u00e9e par l\u2019Assembl\u00e9e g\u00e9n\u00e9rale de l\u2019UICN c\u00e9l\u00e9br\u00e9e sur l\u2019\u00eele de Jeju (Cor\u00e9e du Sud), reconna\u00eet que les organisations religieuses sont devenues des acteurs importants des affaires environnementales mondiales; cette religion est l\u2019un des syst\u00e8mes d\u2019organisation sociale les plus vastes et r\u00e9pond aux aspirations inn\u00e9es de l\u2019humanit\u00e9 de parvenir \u00e0 une satisfaction spirituelle, de donner un sens \u00e0 la vie et \u00e0 la relation avec le cosmos. Il aborde \u00e9galement la n\u00e9cessit\u00e9 de valoriser la vie et sa conservation sur la base des principes \u00e9thiques de durabilit\u00e9 et de justice sociale, ainsi que l&rsquo;importance des accords de collaboration en mati\u00e8re de conservation, de gestion de l&rsquo;utilisation des terres et de r\u00e9ponses appropri\u00e9es \u00e0 apporter. D\u00e9fis du changement climatique et de la perte de biodiversit\u00e9.<\/p>\n<p>Pour cette raison, la r\u00e9solution demande instamment au Directeur g\u00e9n\u00e9ral de l\u2019UICN de promouvoir la coop\u00e9ration avec des organisations et des r\u00e9seaux religieux partageant l\u2019esprit et les objectifs de l\u2019UICN afin de cr\u00e9er des alliances pour la conservation, la durabilit\u00e9, la distribution et la protection des connaissances. Utilisation \u00e9quitable des ressources et r\u00e9ponses appropri\u00e9es aux d\u00e9fis du changement climatique.<\/p>\n<!--themify_builder_content-->\n<div id=\"themify_builder_content-67275\" data-postid=\"67275\" class=\"themify_builder_content themify_builder_content-67275 themify_builder tf_clear\">\n    <\/div>\n<!--\/themify_builder_content-->\n","protected":false},"excerpt":{"rendered":"<p>Cette r\u00e9solution, approuv\u00e9e par l\u2019Assembl\u00e9e g\u00e9n\u00e9rale de l\u2019UICN c\u00e9l\u00e9br\u00e9e sur l\u2019\u00eele de Jeju (Cor\u00e9e du Sud), reconna\u00eet que&#8230;<\/p>\n","protected":false},"author":21,"featured_media":81018,"comment_status":"closed","ping_status":"closed","sticky":false,"template":"","format":"standard","meta":{"_acf_changed":false,"footnotes":""},"categories":[116],"tags":[256,295],"class_list":["post-67275","post","type-post","status-publish","format-standard","has-post-thumbnail","hentry","category-documents-strategiques","tag-conservation-fr","tag-traditions-spirituelles","has-post-title","has-post-date","has-post-category","has-post-tag","has-post-comment","has-post-author",""],"acf":[],"_links":{"self":[{"href":"https:\/\/www.silene.ong\/fr\/wp-json\/wp\/v2\/posts\/67275","targetHints":{"allow":["GET"]}}],"collection":[{"href":"https:\/\/www.silene.ong\/fr\/wp-json\/wp\/v2\/posts"}],"about":[{"href":"https:\/\/www.silene.ong\/fr\/wp-json\/wp\/v2\/types\/post"}],"author":[{"embeddable":true,"href":"https:\/\/www.silene.ong\/fr\/wp-json\/wp\/v2\/users\/21"}],"replies":[{"embeddable":true,"href":"https:\/\/www.silene.ong\/fr\/wp-json\/wp\/v2\/comments?post=67275"}],"version-history":[{"count":5,"href":"https:\/\/www.silene.ong\/fr\/wp-json\/wp\/v2\/posts\/67275\/revisions"}],"predecessor-version":[{"id":84956,"href":"https:\/\/www.silene.ong\/fr\/wp-json\/wp\/v2\/posts\/67275\/revisions\/84956"}],"wp:featuredmedia":[{"embeddable":true,"href":"https:\/\/www.silene.ong\/fr\/wp-json\/wp\/v2\/media\/81018"}],"wp:attachment":[{"href":"https:\/\/www.silene.ong\/fr\/wp-json\/wp\/v2\/media?parent=67275"}],"wp:term":[{"taxonomy":"category","embeddable":true,"href":"https:\/\/www.silene.ong\/fr\/wp-json\/wp\/v2\/categories?post=67275"},{"taxonomy":"post_tag","embeddable":true,"href":"https:\/\/www.silene.ong\/fr\/wp-json\/wp\/v2\/tags?post=67275"}],"curies":[{"name":"wp","href":"https:\/\/api.w.org\/{rel}","templated":true}]}}