{"id":67464,"date":"2018-10-25T12:55:10","date_gmt":"2018-10-25T10:55:10","guid":{"rendered":"http:\/\/silene.idilicstudio.com\/?p=67464"},"modified":"2021-02-19T04:35:40","modified_gmt":"2021-02-19T03:35:40","slug":"el-patrimoni-immaterial-al-parc-natural-zona-volcanica-garrotxa-estudi-per-recuperacio-silenci-fageda-den-jorda","status":"publish","type":"post","link":"https:\/\/www.silene.ong\/fr\/centre-de-documentation\/documents-de-gestion\/el-patrimoni-immaterial-al-parc-natural-zona-volcanica-garrotxa-estudi-per-recuperacio-silenci-fageda-den-jorda","title":{"rendered":"\u00c9tude pour la r\u00e9cup\u00e9ration du silence \u00e0 la Fageda d&rsquo;en Jord\u00e0, parc naturel de la zone volcanique de la Garrotxa"},"content":{"rendered":"<p>La fageda d&rsquo;en Jord\u00e0 c&rsquo;est une reserve naturelle tr\u00e8s populaire du parc naturel de la zone volcanique de la Garrotxa, en Catalogne. Le travail comprend quatre parties. La premi\u00e8re contient le contexte et le contexte de la prise en compte du patrimoine immat\u00e9riel dans les zones naturelles prot\u00e9g\u00e9es, d\u2019abord en g\u00e9n\u00e9ral, puis en Espagne, et enfin dans le parc naturel de la zone volcanique de la Garrotxa. Il analyse \u00e9galement le patrimoine immat\u00e9riel de la r\u00e9serve naturelle de La Fageda d&rsquo;en Jord\u00e0 et d\u00e9crit les utilisations et les impacts associ\u00e9s \u00e0 la visite de la r\u00e9serve naturelle. La deuxi\u00e8me partie d\u00e9crit les objectifs du travail. La troisi\u00e8me expose le diagnostic de la situation actuelle. La quatri\u00e8me propose les propositions suivantes: l&rsquo;\u00e9tablissement de crit\u00e8res clairs pour les gestionnaires du parc naturel, afin de consid\u00e9rer le silence comme une valeur transversale. Actions visant le trafic motoris\u00e9 et les autres bruits m\u00e9caniques, puis le bruit \u00e9mis par les visiteurs, avec des propositions adress\u00e9es aux acteurs cl\u00e9s (guides, vendeurs de voitures, etc.), compl\u00e9t\u00e9es par des actions d&rsquo;information et de signalisation g\u00e9n\u00e9rale et une diffusion des actions. pr\u00e9c\u00e9dents, pour augmenter la conscience sociale, respectent la valeur du silence.\u00a0 Le rapport s&rsquo;accompagne de trois annexes: une de cartographie, avec des plans pour la r\u00e9serve, le r\u00e9seau routier et les utilisations qu\u2019ils ont; la seconde avec les profils longitudinaux des \u00e9crans acoustiques propos\u00e9s; et la troisi\u00e8me avec les premi\u00e8res donn\u00e9es quantitatives du niveau de bruit mesur\u00e9 \u00e0 l&rsquo;int\u00e9rieur de la Fageda d&rsquo;en Jord\u00e0 en 2013.<\/p>\n<!--themify_builder_content-->\n<div id=\"themify_builder_content-67464\" data-postid=\"67464\" class=\"themify_builder_content themify_builder_content-67464 themify_builder tf_clear\">\n    <\/div>\n<!--\/themify_builder_content-->\n","protected":false},"excerpt":{"rendered":"<p>La fageda d&rsquo;en Jord\u00e0 c&rsquo;est une reserve naturelle tr\u00e8s populaire du parc naturel de la zone volcanique de&#8230;<\/p>\n","protected":false},"author":21,"featured_media":77784,"comment_status":"closed","ping_status":"closed","sticky":false,"template":"","format":"standard","meta":{"_acf_changed":false,"footnotes":""},"categories":[110],"tags":[288,298,302],"class_list":["post-67464","post","type-post","status-publish","format-standard","has-post-thumbnail","hentry","category-documents-de-gestion","tag-patrimoine","tag-valeurs-culturels","tag-valeurs-spirituels","has-post-title","has-post-date","has-post-category","has-post-tag","has-post-comment","has-post-author",""],"acf":[],"_links":{"self":[{"href":"https:\/\/www.silene.ong\/fr\/wp-json\/wp\/v2\/posts\/67464","targetHints":{"allow":["GET"]}}],"collection":[{"href":"https:\/\/www.silene.ong\/fr\/wp-json\/wp\/v2\/posts"}],"about":[{"href":"https:\/\/www.silene.ong\/fr\/wp-json\/wp\/v2\/types\/post"}],"author":[{"embeddable":true,"href":"https:\/\/www.silene.ong\/fr\/wp-json\/wp\/v2\/users\/21"}],"replies":[{"embeddable":true,"href":"https:\/\/www.silene.ong\/fr\/wp-json\/wp\/v2\/comments?post=67464"}],"version-history":[{"count":6,"href":"https:\/\/www.silene.ong\/fr\/wp-json\/wp\/v2\/posts\/67464\/revisions"}],"predecessor-version":[{"id":92565,"href":"https:\/\/www.silene.ong\/fr\/wp-json\/wp\/v2\/posts\/67464\/revisions\/92565"}],"wp:featuredmedia":[{"embeddable":true,"href":"https:\/\/www.silene.ong\/fr\/wp-json\/wp\/v2\/media\/77784"}],"wp:attachment":[{"href":"https:\/\/www.silene.ong\/fr\/wp-json\/wp\/v2\/media?parent=67464"}],"wp:term":[{"taxonomy":"category","embeddable":true,"href":"https:\/\/www.silene.ong\/fr\/wp-json\/wp\/v2\/categories?post=67464"},{"taxonomy":"post_tag","embeddable":true,"href":"https:\/\/www.silene.ong\/fr\/wp-json\/wp\/v2\/tags?post=67464"}],"curies":[{"name":"wp","href":"https:\/\/api.w.org\/{rel}","templated":true}]}}