{"id":67468,"date":"2018-10-25T12:55:11","date_gmt":"2018-10-25T10:55:11","guid":{"rendered":"http:\/\/silene.idilicstudio.com\/?p=67468"},"modified":"2019-12-12T09:30:19","modified_gmt":"2019-12-12T08:30:19","slug":"natura-i-espiritualitat-catalunya-deu-converses-passejades-i-consells-per-viure-natura-amb-plenitud","status":"publish","type":"post","link":"https:\/\/www.silene.ong\/fr\/centre-de-documentation\/reflexions-sur-la-nature-et-la-spiritualite\/natura-i-espiritualitat-catalunya-deu-converses-passejades-i-consells-per-viure-natura-amb-plenitud","title":{"rendered":"Natura i espiritualitat a Catalunya. Deu converses, passejades i consells per viure la natura amb plenitud"},"content":{"rendered":"<p>Le livre contient une partie qui combine r\u00e9flexion et t\u00e9moins et une autre qui est une sorte de manuel pratique, avec des propositions simples pour aborder la spiritualit\u00e9 de la nature. Outre les chapitres introductifs, la premi\u00e8re partie offre dix entretiens avec des personnes de spiritualit\u00e9 reconnue, li\u00e9es aux diff\u00e9rentes traditions religieuses pr\u00e9sentes en Catalogne: christianisme, bouddhisme, islam, juda\u00efsme &#8230; La deuxi\u00e8me partie, plus orient\u00e9 \u00e0 la pratique, contient dix conseils pour: vivre la nature en pl\u00e9nitude: marcher, courir et nager; silence, solitude, humilit\u00e9, contemplation et m\u00e9ditation, attention consciente, joie &#8230; Enfin, l&rsquo;auteur, professeur de g\u00e9ographie \u00e0 l&rsquo;Universit\u00e9 de G\u00e9rone, propose dix lieux privil\u00e9gi\u00e9s o\u00f9 pratiquer ces pratiques Espaces naturels \u00e0 haute valeur spirituelle en Catalogne, tels que Montserrat, El Miracle, Puiggraci\u00f3s, Montsant, Poblet, N\u00faria, etc.<\/p>\n","protected":false},"excerpt":{"rendered":"<p>Le livre contient une partie qui combine r\u00e9flexion et t\u00e9moins et une autre qui est une sorte de&#8230;<\/p>\n","protected":false},"author":21,"featured_media":73460,"comment_status":"closed","ping_status":"closed","sticky":false,"template":"","format":"standard","meta":{"_acf_changed":false,"footnotes":""},"categories":[140],"tags":[271,302],"class_list":["post-67468","post","type-post","status-publish","format-standard","has-post-thumbnail","hentry","category-reflexions-sur-la-nature-et-la-spiritualite","tag-education-environnementale","tag-valeurs-spirituels","has-post-title","has-post-date","has-post-category","has-post-tag","has-post-comment","has-post-author",""],"acf":[],"_links":{"self":[{"href":"https:\/\/www.silene.ong\/fr\/wp-json\/wp\/v2\/posts\/67468","targetHints":{"allow":["GET"]}}],"collection":[{"href":"https:\/\/www.silene.ong\/fr\/wp-json\/wp\/v2\/posts"}],"about":[{"href":"https:\/\/www.silene.ong\/fr\/wp-json\/wp\/v2\/types\/post"}],"author":[{"embeddable":true,"href":"https:\/\/www.silene.ong\/fr\/wp-json\/wp\/v2\/users\/21"}],"replies":[{"embeddable":true,"href":"https:\/\/www.silene.ong\/fr\/wp-json\/wp\/v2\/comments?post=67468"}],"version-history":[{"count":1,"href":"https:\/\/www.silene.ong\/fr\/wp-json\/wp\/v2\/posts\/67468\/revisions"}],"predecessor-version":[{"id":92563,"href":"https:\/\/www.silene.ong\/fr\/wp-json\/wp\/v2\/posts\/67468\/revisions\/92563"}],"wp:featuredmedia":[{"embeddable":true,"href":"https:\/\/www.silene.ong\/fr\/wp-json\/"}],"wp:attachment":[{"href":"https:\/\/www.silene.ong\/fr\/wp-json\/wp\/v2\/media?parent=67468"}],"wp:term":[{"taxonomy":"category","embeddable":true,"href":"https:\/\/www.silene.ong\/fr\/wp-json\/wp\/v2\/categories?post=67468"},{"taxonomy":"post_tag","embeddable":true,"href":"https:\/\/www.silene.ong\/fr\/wp-json\/wp\/v2\/tags?post=67468"}],"curies":[{"name":"wp","href":"https:\/\/api.w.org\/{rel}","templated":true}]}}