{"id":67486,"date":"2018-10-25T12:55:12","date_gmt":"2018-10-25T10:55:12","guid":{"rendered":"http:\/\/silene.idilicstudio.com\/?p=67486"},"modified":"2021-02-20T16:18:04","modified_gmt":"2021-02-20T15:18:04","slug":"proceedings-international-workshop-towards-an-implementation-strategy-for-the-human-integrated-management-approach-governance-system-theories-concepts-methodologies-case-studies-and-action-plans","status":"publish","type":"post","link":"https:\/\/www.silene.ong\/fr\/centre-de-documentation\/documents-de-gestion\/proceedings-international-workshop-towards-an-implementation-strategy-for-the-human-integrated-management-approach-governance-system-theories-concepts-methodologies-case-studies-and-action-plans","title":{"rendered":"Towards an Implementation Strategy for the Human Integrated Management Approach Governance System: Theories, Concepts, Methodologies, Case Studies and Action Plans"},"content":{"rendered":"<div class=\"oSioSc\">\n<div id=\"tw-target\">\n<div id=\"kAz1tf\" class=\"g9WsWb\">\n<div id=\"tw-target-text-container\" class=\"tw-ta-container tw-nfl\">\n<p id=\"tw-target-text\" class=\"tw-data-text tw-ta tw-text-small\" dir=\"ltr\" data-placeholder=\"Traducci\u00f3n\"><span lang=\"fr\" tabindex=\"0\">La publication pr\u00e9sente les actes d&rsquo;un atelier international organis\u00e9 par l&rsquo;Institut de recherche scientifique du Kowe\u00eft en 2013, consacr\u00e9 au syst\u00e8me de gestion int\u00e9gr\u00e9e de l&rsquo;homme (HIMA). L&rsquo;objectif de l&rsquo;atelier \u00e9tait de comprendre HIMA de mani\u00e8re plus d\u00e9taill\u00e9e et de parvenir \u00e0 un consensus pour s\u00e9lectionner les meilleures pratiques \u00e0 appliquer pour la gestion durable des ressources naturelles partag\u00e9es adapt\u00e9es aux conditions environnementales arides ou d\u00e9sertiques. <\/span><\/p>\n<p class=\"tw-data-text tw-ta tw-text-small\" dir=\"ltr\" data-placeholder=\"Traducci\u00f3n\"><span lang=\"fr\" tabindex=\"0\">Le concept de \u00abzone prot\u00e9g\u00e9e\u00bb HIMA a \u00e9t\u00e9 introduit il y a plus de 15 si\u00e8cles pour impliquer les communaut\u00e9s locales dans la gestion de leurs ressources naturelles. Cela a permis de diversifier les opinions sur la meilleure fa\u00e7on de g\u00e9rer et de partager les ressources naturelles, ce qui a ensuite permis de d\u00e9gager un consensus sur les meilleures pratiques \u00e0 appliquer dans la gestion durable des ressources partag\u00e9es. <\/span><\/p>\n<p class=\"tw-data-text tw-ta tw-text-small\" dir=\"ltr\" data-placeholder=\"Traducci\u00f3n\"><span lang=\"fr\" tabindex=\"0\">La publication comprend 17 contributions de certains des principaux experts dans ce domaine, dont certaines sont r\u00e9ellement impliqu\u00e9es dans l&rsquo;introduction et la coordination de l&rsquo;application du concept HIMA dans leurs pays respectifs de la r\u00e9gion du Forum Asie de l&rsquo;Ouest et Afrique du Nord.<\/span><\/p>\n<pre class=\"tw-ta tw-text-small\" lang=\"fr\"><\/pre>\n<\/div>\n<div id=\"z6maec\" class=\"tw-ta-container tw-nfl\">\n<pre id=\"tw-target-rmn\" class=\"tw-data-placeholder tw-ta tw-text-small\" dir=\"ltr\" data-placeholder=\"\"><\/pre>\n<\/div>\n<\/div>\n<\/div>\n<\/div>\n<!--themify_builder_content-->\n<div id=\"themify_builder_content-67486\" data-postid=\"67486\" class=\"themify_builder_content themify_builder_content-67486 themify_builder tf_clear\">\n    <\/div>\n<!--\/themify_builder_content-->\n","protected":false},"excerpt":{"rendered":"<p>La publication pr\u00e9sente les actes d&rsquo;un atelier international organis\u00e9 par l&rsquo;Institut de recherche scientifique du Kowe\u00eft en 2013,&#8230;<\/p>\n","protected":false},"author":21,"featured_media":81095,"comment_status":"closed","ping_status":"closed","sticky":false,"template":"","format":"standard","meta":{"_acf_changed":false,"footnotes":""},"categories":[110],"tags":[244,255,256],"class_list":["post-67486","post","type-post","status-publish","format-standard","has-post-thumbnail","hentry","category-documents-de-gestion","tag-communale","tag-conservation","tag-conservation-fr","has-post-title","has-post-date","has-post-category","has-post-tag","has-post-comment","has-post-author",""],"acf":[],"_links":{"self":[{"href":"https:\/\/www.silene.ong\/fr\/wp-json\/wp\/v2\/posts\/67486","targetHints":{"allow":["GET"]}}],"collection":[{"href":"https:\/\/www.silene.ong\/fr\/wp-json\/wp\/v2\/posts"}],"about":[{"href":"https:\/\/www.silene.ong\/fr\/wp-json\/wp\/v2\/types\/post"}],"author":[{"embeddable":true,"href":"https:\/\/www.silene.ong\/fr\/wp-json\/wp\/v2\/users\/21"}],"replies":[{"embeddable":true,"href":"https:\/\/www.silene.ong\/fr\/wp-json\/wp\/v2\/comments?post=67486"}],"version-history":[{"count":4,"href":"https:\/\/www.silene.ong\/fr\/wp-json\/wp\/v2\/posts\/67486\/revisions"}],"predecessor-version":[{"id":86692,"href":"https:\/\/www.silene.ong\/fr\/wp-json\/wp\/v2\/posts\/67486\/revisions\/86692"}],"wp:featuredmedia":[{"embeddable":true,"href":"https:\/\/www.silene.ong\/fr\/wp-json\/wp\/v2\/media\/81095"}],"wp:attachment":[{"href":"https:\/\/www.silene.ong\/fr\/wp-json\/wp\/v2\/media?parent=67486"}],"wp:term":[{"taxonomy":"category","embeddable":true,"href":"https:\/\/www.silene.ong\/fr\/wp-json\/wp\/v2\/categories?post=67486"},{"taxonomy":"post_tag","embeddable":true,"href":"https:\/\/www.silene.ong\/fr\/wp-json\/wp\/v2\/tags?post=67486"}],"curies":[{"name":"wp","href":"https:\/\/api.w.org\/{rel}","templated":true}]}}