{"id":67543,"date":"2018-10-25T12:55:17","date_gmt":"2018-10-25T10:55:17","guid":{"rendered":"http:\/\/silene.idilicstudio.com\/?p=67543"},"modified":"2019-12-11T11:13:13","modified_gmt":"2019-12-11T10:13:13","slug":"spiritual-ecology-the-cry-of-the-earth","status":"publish","type":"post","link":"https:\/\/www.silene.ong\/fr\/centre-de-documentation\/reflexions-sur-la-nature-et-la-spiritualite\/spiritual-ecology-the-cry-of-the-earth","title":{"rendered":"Spiritual Ecology: The Cry of the Earth"},"content":{"rendered":"<p>Ce livre est un recueil de r\u00e9ponses \u00e0 l&rsquo;appel de la Terre. Il n&rsquo;est pas propos\u00e9 comme solution \u00e0 un probl\u00e8me, car la Terre n&rsquo;est pas un probl\u00e8me, mais un \u00eatre vivant en difficult\u00e9. La Terre a besoin de notre attention; Il a besoin de nous pour l&rsquo;aider \u00e0 gu\u00e9rir son corps, endommag\u00e9 par notre exploitation, et aussi son \u00e2me, bless\u00e9e par notre profanation, notre oubli de son saint caract\u00e8re. Ce n&rsquo;est que lorsque nous nous souvenons de ce qui est sacr\u00e9 que nous pouvons apporter une r\u00e9elle prise de conscience \u00e0 notre situation difficile actuelle. Le livre rassemble des articles qui proposent une r\u00e9ponse spirituelle \u00e0 la crise \u00e9cologique, bas\u00e9e sur une s\u00e9lection des voix les plus inspirantes qui ont parl\u00e9 au nom de notre Terre depuis des diff\u00e9rentes traditions spirituelles.<\/p>\n","protected":false},"excerpt":{"rendered":"<p>Ce livre est un recueil de r\u00e9ponses \u00e0 l&rsquo;appel de la Terre. Il n&rsquo;est pas propos\u00e9 comme solution&#8230;<\/p>\n","protected":false},"author":21,"featured_media":73460,"comment_status":"closed","ping_status":"closed","sticky":false,"template":"","format":"standard","meta":{"_acf_changed":false,"footnotes":""},"categories":[140],"tags":[256,302],"class_list":["post-67543","post","type-post","status-publish","format-standard","has-post-thumbnail","hentry","category-reflexions-sur-la-nature-et-la-spiritualite","tag-conservation-fr","tag-valeurs-spirituels","has-post-title","has-post-date","has-post-category","has-post-tag","has-post-comment","has-post-author",""],"acf":[],"_links":{"self":[{"href":"https:\/\/www.silene.ong\/fr\/wp-json\/wp\/v2\/posts\/67543","targetHints":{"allow":["GET"]}}],"collection":[{"href":"https:\/\/www.silene.ong\/fr\/wp-json\/wp\/v2\/posts"}],"about":[{"href":"https:\/\/www.silene.ong\/fr\/wp-json\/wp\/v2\/types\/post"}],"author":[{"embeddable":true,"href":"https:\/\/www.silene.ong\/fr\/wp-json\/wp\/v2\/users\/21"}],"replies":[{"embeddable":true,"href":"https:\/\/www.silene.ong\/fr\/wp-json\/wp\/v2\/comments?post=67543"}],"version-history":[{"count":1,"href":"https:\/\/www.silene.ong\/fr\/wp-json\/wp\/v2\/posts\/67543\/revisions"}],"predecessor-version":[{"id":92554,"href":"https:\/\/www.silene.ong\/fr\/wp-json\/wp\/v2\/posts\/67543\/revisions\/92554"}],"wp:featuredmedia":[{"embeddable":true,"href":"https:\/\/www.silene.ong\/fr\/wp-json\/"}],"wp:attachment":[{"href":"https:\/\/www.silene.ong\/fr\/wp-json\/wp\/v2\/media?parent=67543"}],"wp:term":[{"taxonomy":"category","embeddable":true,"href":"https:\/\/www.silene.ong\/fr\/wp-json\/wp\/v2\/categories?post=67543"},{"taxonomy":"post_tag","embeddable":true,"href":"https:\/\/www.silene.ong\/fr\/wp-json\/wp\/v2\/tags?post=67543"}],"curies":[{"name":"wp","href":"https:\/\/api.w.org\/{rel}","templated":true}]}}