{"id":67570,"date":"2018-10-25T12:55:18","date_gmt":"2018-10-25T10:55:18","guid":{"rendered":"http:\/\/silene.idilicstudio.com\/?p=67570"},"modified":"2021-02-20T19:57:59","modified_gmt":"2021-02-20T18:57:59","slug":"the-csvpa-newsletter-culture-for-nature","status":"publish","type":"post","link":"https:\/\/www.silene.ong\/fr\/centre-de-documentation\/information-et-sensibilisation\/the-csvpa-newsletter-culture-for-nature","title":{"rendered":"The CSVPA e-Newsletter \u201cCulture for Nature\u201d"},"content":{"rendered":"<p>La lettre d\u2019information du Groupe de sp\u00e9cialistes sur les valeurs culturelles et spirituelles des zones naturelles prot\u00e9g\u00e9es de l\u2019UICN (CSVPA Newsletter) contient une grande vari\u00e9t\u00e9 de mat\u00e9riels, allant des rapports sur les travaux men\u00e9s dans le monde entier dans le la culture et la conservation de la nature, \u00e0 des essais th\u00e9oriques visant \u00e0 trouver de nouvelles fa\u00e7ons d\u2019approcher les zones prot\u00e9g\u00e9es et conserv\u00e9es, en tenant compte de l\u2019ensemble des motivations, des valeurs et des exp\u00e9riences humaines. Ses contributions refl\u00e8tent les exp\u00e9riences personnelles des peuples autochtones et l&rsquo;intersection des questions de justice sociale, de culture et de conservation de la nature, et renseignent \u00e9galement sur les d\u00e9veloppements des principales religions du monde qui contribuent \u00e0 la conservation de la nature. . L\u2019ensemble des contributions refl\u00e8te le caract\u00e8re multivocal et multiculturel du groupe de sp\u00e9cialistes, qui s\u2019int\u00e9resse \u00e0 la mani\u00e8re dont la culture influence positivement notre interaction avec la nature &#8211; qu\u2019il s\u2019agisse de la culture, de l\u2019art, de la spiritualit\u00e9, religion ou tradition.<\/p>\n<p>Depuis 2014, la terre d&rsquo;information a \u00e9t\u00e9 publi\u00e9e trimestriellement ou deux fois par an.<\/p>\n<!--themify_builder_content-->\n<div id=\"themify_builder_content-67570\" data-postid=\"67570\" class=\"themify_builder_content themify_builder_content-67570 themify_builder tf_clear\">\n    <\/div>\n<!--\/themify_builder_content-->\n","protected":false},"excerpt":{"rendered":"<p>La lettre d\u2019information du Groupe de sp\u00e9cialistes sur les valeurs culturelles et spirituelles des zones naturelles prot\u00e9g\u00e9es de&#8230;<\/p>\n","protected":false},"author":21,"featured_media":74378,"comment_status":"closed","ping_status":"closed","sticky":false,"template":"","format":"standard","meta":{"_acf_changed":false,"footnotes":""},"categories":[122],"tags":[346,298,302],"class_list":["post-67570","post","type-post","status-publish","format-standard","has-post-thumbnail","hentry","category-information-et-sensibilisation","tag-aires-protegees","tag-valeurs-culturels","tag-valeurs-spirituels","has-post-title","has-post-date","has-post-category","has-post-tag","has-post-comment","has-post-author",""],"acf":[],"_links":{"self":[{"href":"https:\/\/www.silene.ong\/fr\/wp-json\/wp\/v2\/posts\/67570","targetHints":{"allow":["GET"]}}],"collection":[{"href":"https:\/\/www.silene.ong\/fr\/wp-json\/wp\/v2\/posts"}],"about":[{"href":"https:\/\/www.silene.ong\/fr\/wp-json\/wp\/v2\/types\/post"}],"author":[{"embeddable":true,"href":"https:\/\/www.silene.ong\/fr\/wp-json\/wp\/v2\/users\/21"}],"replies":[{"embeddable":true,"href":"https:\/\/www.silene.ong\/fr\/wp-json\/wp\/v2\/comments?post=67570"}],"version-history":[{"count":2,"href":"https:\/\/www.silene.ong\/fr\/wp-json\/wp\/v2\/posts\/67570\/revisions"}],"predecessor-version":[{"id":86629,"href":"https:\/\/www.silene.ong\/fr\/wp-json\/wp\/v2\/posts\/67570\/revisions\/86629"}],"wp:featuredmedia":[{"embeddable":true,"href":"https:\/\/www.silene.ong\/fr\/wp-json\/wp\/v2\/media\/74378"}],"wp:attachment":[{"href":"https:\/\/www.silene.ong\/fr\/wp-json\/wp\/v2\/media?parent=67570"}],"wp:term":[{"taxonomy":"category","embeddable":true,"href":"https:\/\/www.silene.ong\/fr\/wp-json\/wp\/v2\/categories?post=67570"},{"taxonomy":"post_tag","embeddable":true,"href":"https:\/\/www.silene.ong\/fr\/wp-json\/wp\/v2\/tags?post=67570"}],"curies":[{"name":"wp","href":"https:\/\/api.w.org\/{rel}","templated":true}]}}